{"id":2900,"date":"2023-06-26T13:33:33","date_gmt":"2023-06-26T11:33:33","guid":{"rendered":"https:\/\/e-mn.at\/elektrik\/?p=2900"},"modified":"2024-10-14T13:54:08","modified_gmt":"2024-10-14T11:54:08","slug":"austausch-verteileranlage-2","status":"publish","type":"post","link":"https:\/\/e-mn.at\/elektrik\/austausch-verteileranlage-2\/","title":{"rendered":"Austausch Verteileranlage"},"content":{"rendered":"\t\t<div data-elementor-type=\"wp-post\" data-elementor-id=\"2900\" class=\"elementor elementor-2900\" data-elementor-post-type=\"post\">\n\t\t\t\t<div class=\"elementor-element elementor-element-6575537 e-flex e-con-boxed e-con e-parent\" data-id=\"6575537\" data-element_type=\"container\">\n\t\t\t\t\t<div class=\"e-con-inner\">\n\t\t<div class=\"elementor-element elementor-element-36e8802 e-con-full e-flex e-con e-child\" data-id=\"36e8802\" data-element_type=\"container\">\n\t\t\t\t<div class=\"elementor-element elementor-element-4c53119 elementor-widget__width-initial elementor-widget elementor-widget-bauen-title\" data-id=\"4c53119\" data-element_type=\"widget\" data-widget_type=\"bauen-title.default\">\n\t\t\t\t<div class=\"elementor-widget-container\">\n\t\t\t\t\t\t\t\n\t\t\t\n\t\t\t\t\t\t<h2 class=\"section-title text-left\">Austausch Verteiler Anlage<\/h2>\n\t\t\t\t\n\t\t\t\t\n        \n\t\t\t\n        \t\t\t\t<\/div>\n\t\t\t\t<\/div>\n\t\t\t\t<\/div>\n\t\t<div class=\"elementor-element elementor-element-c99c570 e-con-full e-flex e-con e-child\" data-id=\"c99c570\" data-element_type=\"container\">\n\t\t<div class=\"elementor-element elementor-element-3a48461 e-flex e-con-boxed e-con e-child\" data-id=\"3a48461\" data-element_type=\"container\">\n\t\t\t\t\t<div class=\"e-con-inner\">\n\t\t\t\t<div class=\"elementor-element elementor-element-1680dcc elementor-widget elementor-widget-heading\" data-id=\"1680dcc\" data-element_type=\"widget\" data-widget_type=\"heading.default\">\n\t\t\t\t<div class=\"elementor-widget-container\">\n\t\t\t\t\t<h2 class=\"elementor-heading-title elementor-size-default\">1230 Wien<\/h2>\t\t\t\t<\/div>\n\t\t\t\t<\/div>\n\t\t\t\t<div class=\"elementor-element elementor-element-e37fe94 elementor-widget elementor-widget-heading\" data-id=\"e37fe94\" data-element_type=\"widget\" data-widget_type=\"heading.default\">\n\t\t\t\t<div class=\"elementor-widget-container\">\n\t\t\t\t\t<h3 class=\"elementor-heading-title elementor-size-default\">Juni 2023<\/h3>\t\t\t\t<\/div>\n\t\t\t\t<\/div>\n\t\t\t\t\t<\/div>\n\t\t\t\t<\/div>\n\t\t\t\t<\/div>\n\t\t\t\t\t<\/div>\n\t\t\t\t<\/div>\n\t\t<div class=\"elementor-element elementor-element-972ae02 e-flex e-con-boxed e-con e-parent\" data-id=\"972ae02\" data-element_type=\"container\">\n\t\t\t\t\t<div class=\"e-con-inner\">\n\t\t<div class=\"elementor-element elementor-element-085226c e-grid e-con-boxed e-con e-child\" data-id=\"085226c\" data-element_type=\"container\">\n\t\t\t\t\t<div class=\"e-con-inner\">\n\t\t\t\t<div class=\"elementor-element elementor-element-051a2d7 elementor-widget elementor-widget-bauen-list-icon\" data-id=\"051a2d7\" data-element_type=\"widget\" data-widget_type=\"bauen-list-icon.default\">\n\t\t\t\t<div class=\"elementor-widget-container\">\n\t\t\t\t\t\t\t\n         <ul class=\"list-unstyled page-list mb-30\">\t\n\t\t\t\t\t\t\t<li>\n                    \t\t\t\t\t<div class=\"page-list-icon\"> <i aria-hidden=\"true\" class=\"ti-check\"><\/i> <\/div>\n\t\t\t\t\t                    <div class=\"page-list-text\">\n                        <p>Austausch Verteilereinbauten<\/p>\n                    <\/div>\n                <\/li>\n\t\t\t\t\t\n\t\t<\/ul>\n\t\t\t\n        \t\t\t\t<\/div>\n\t\t\t\t<\/div>\n\t\t\t\t<div class=\"elementor-element elementor-element-90b9b43 elementor-widget elementor-widget-bauen-list-icon\" data-id=\"90b9b43\" data-element_type=\"widget\" data-widget_type=\"bauen-list-icon.default\">\n\t\t\t\t<div class=\"elementor-widget-container\">\n\t\t\t\t\t\t\t\n         <ul class=\"list-unstyled page-list mb-30\">\t\n\t\t\t\t\t\t\t<li>\n                    \t\t\t\t\t<div class=\"page-list-icon\"> <i aria-hidden=\"true\" class=\"ti-check\"><\/i> <\/div>\n\t\t\t\t\t                    <div class=\"page-list-text\">\n                        <p>Pr\u00fcfdokumentation<\/p>\n                    <\/div>\n                <\/li>\n\t\t\t\t\t\t\t<li>\n                    \t\t\t\t\t<div class=\"page-list-icon\"> <i aria-hidden=\"true\" class=\"ti-check\"><\/i> <\/div>\n\t\t\t\t\t                    <div class=\"page-list-text\">\n                        <p>Elektrobefund<\/p>\n                    <\/div>\n                <\/li>\n\t\t\t\t\t\n\t\t<\/ul>\n\t\t\t\n        \t\t\t\t<\/div>\n\t\t\t\t<\/div>\n\t\t\t\t<div class=\"elementor-element elementor-element-cd2f4a6 elementor-widget elementor-widget-bauen-list-icon\" data-id=\"cd2f4a6\" data-element_type=\"widget\" data-widget_type=\"bauen-list-icon.default\">\n\t\t\t\t<div class=\"elementor-widget-container\">\n\t\t\t\t\t\t\t\n         <ul class=\"list-unstyled page-list mb-30\">\t\n\t\t\t\t\t\t\t<li>\n                    \t\t\t\t\t<div class=\"page-list-icon\"> <i aria-hidden=\"true\" class=\"ti-check\"><\/i> <\/div>\n\t\t\t\t\t                    <div class=\"page-list-text\">\n                        <p>M\u00e4ngelbehebungen<\/p>\n                    <\/div>\n                <\/li>\n\t\t\t\t\t\n\t\t<\/ul>\n\t\t\t\n        \t\t\t\t<\/div>\n\t\t\t\t<\/div>\n\t\t\t\t\t<\/div>\n\t\t\t\t<\/div>\n\t\t\t\t\t<\/div>\n\t\t\t\t<\/div>\n\t\t<div class=\"elementor-element elementor-element-441a16f e-flex e-con-boxed e-con e-parent\" data-id=\"441a16f\" data-element_type=\"container\">\n\t\t\t\t\t<div class=\"e-con-inner\">\n\t\t\t\t<div class=\"elementor-element elementor-element-7f6762f elementor-widget elementor-widget-bauen-text\" data-id=\"7f6762f\" data-element_type=\"widget\" data-widget_type=\"bauen-text.default\">\n\t\t\t\t<div class=\"elementor-widget-container\">\n\t\t\t\t\t\t\t<div class=\"bn-text-block clear \">\n\t\t<p><strong>Durchgef\u00fchrte Ma\u00dfnahmen:<\/strong><\/p><ol><li><p><strong>Austausch von Verteilereinbauten:<\/strong> Alle veralteten und defekten Komponenten wurden durch neue, den aktuellesten Sicherheitsstandards entsprechende Teile ersetzt, inklusive Schutzschalter und Sicherungen.<\/p><\/li><li><p><strong>M\u00e4ngelbehebung:<\/strong> Spezifische M\u00e4ngel, die eine direkte Gefahr darstellten, wurden identifiziert und umgehend behoben.<\/p><\/li><li><p><strong>Pr\u00fcfung und Dokumentation:<\/strong> Nach den Umbauarbeiten erfolgte eine gr\u00fcndliche Pr\u00fcfung der Anlagen. Die Einhaltung der Sicherheitsvorschriften wurde best\u00e4tigt und in einer Pr\u00fcfdokumentation festgehalten, die dem Auftraggeber \u00fcbergeben wurde.<\/p><\/li><\/ol>\t\t<\/div>\n\t\t\t\t\t\t<\/div>\n\t\t\t\t<\/div>\n\t\t\t\t\t<\/div>\n\t\t\t\t<\/div>\n\t\t\t\t<section class=\"elementor-section elementor-top-section elementor-element elementor-element-43c0af9c elementor-section-full_width elementor-section-height-default elementor-section-height-default\" data-id=\"43c0af9c\" data-element_type=\"section\">\n\t\t\t\t\t\t<div class=\"elementor-container elementor-column-gap-default\">\n\t\t\t\t\t<div class=\"elementor-column elementor-col-100 elementor-top-column elementor-element elementor-element-1b7abfe6\" data-id=\"1b7abfe6\" data-element_type=\"column\">\n\t\t\t<div class=\"elementor-widget-wrap elementor-element-populated\">\n\t\t\t\t\t\t<div class=\"elementor-section elementor-inner-section elementor-element elementor-element-7113ba77 elementor-section-boxed elementor-section-height-default elementor-section-height-default\" data-id=\"7113ba77\" data-element_type=\"section\">\n\t\t\t\t\t\t<div class=\"elementor-container elementor-column-gap-default\">\n\t\t\t\t\t<div class=\"elementor-column elementor-col-100 elementor-inner-column elementor-element elementor-element-34cf771\" data-id=\"34cf771\" data-element_type=\"column\">\n\t\t\t<div class=\"elementor-widget-wrap elementor-element-populated\">\n\t\t\t\t\t\t<div class=\"elementor-element elementor-element-04194cc elementor-widget elementor-widget-gallery\" data-id=\"04194cc\" data-element_type=\"widget\" data-settings=\"{&quot;columns&quot;:3,&quot;gap&quot;:{&quot;unit&quot;:&quot;px&quot;,&quot;size&quot;:20,&quot;sizes&quot;:[]},&quot;lazyload&quot;:&quot;yes&quot;,&quot;gallery_layout&quot;:&quot;grid&quot;,&quot;columns_tablet&quot;:2,&quot;columns_mobile&quot;:1,&quot;gap_tablet&quot;:{&quot;unit&quot;:&quot;px&quot;,&quot;size&quot;:10,&quot;sizes&quot;:[]},&quot;gap_mobile&quot;:{&quot;unit&quot;:&quot;px&quot;,&quot;size&quot;:10,&quot;sizes&quot;:[]},&quot;link_to&quot;:&quot;file&quot;,&quot;aspect_ratio&quot;:&quot;3:2&quot;,&quot;overlay_background&quot;:&quot;yes&quot;,&quot;content_hover_animation&quot;:&quot;fade-in&quot;}\" data-widget_type=\"gallery.default\">\n\t\t\t\t<div class=\"elementor-widget-container\">\n\t\t\t\t\t\t\t<div class=\"elementor-gallery__container\">\n\t\t\t\t\t\t\t<a class=\"e-gallery-item elementor-gallery-item elementor-animated-content\" href=\"https:\/\/e-mn.at\/elektrik\/wp-content\/uploads\/2024\/03\/Austausch_Elektroverteiler_1230_Wien_07.jpg\" data-elementor-open-lightbox=\"yes\" data-elementor-lightbox-slideshow=\"04194cc\" data-elementor-lightbox-title=\"Austausch_Elektroverteiler_1230_Wien_07\" data-e-action-hash=\"#elementor-action%3Aaction%3Dlightbox%26settings%3DeyJpZCI6MjkxNSwidXJsIjoiaHR0cHM6XC9cL2UtbW4uYXRcL2VsZWt0cmlrXC93cC1jb250ZW50XC91cGxvYWRzXC8yMDI0XC8wM1wvQXVzdGF1c2NoX0VsZWt0cm92ZXJ0ZWlsZXJfMTIzMF9XaWVuXzA3LmpwZyIsInNsaWRlc2hvdyI6IjA0MTk0Y2MifQ%3D%3D\">\n\t\t\t\t\t<div class=\"e-gallery-image elementor-gallery-item__image\" data-thumbnail=\"https:\/\/e-mn.at\/elektrik\/wp-content\/uploads\/2024\/03\/Austausch_Elektroverteiler_1230_Wien_07-768x576.jpg\" data-width=\"768\" data-height=\"576\" aria-label=\"Stromverteiler vor dem Umbau vom Elektriker Martin Nill.\" role=\"img\" ><\/div>\n\t\t\t\t\t\t\t\t\t\t\t<div class=\"elementor-gallery-item__overlay\"><\/div>\n\t\t\t\t\t\t\t\t\t\t\t\t\t\t<\/a>\n\t\t\t\t\t\t\t<a class=\"e-gallery-item elementor-gallery-item elementor-animated-content\" href=\"https:\/\/e-mn.at\/elektrik\/wp-content\/uploads\/2024\/03\/Austausch_Elektroverteiler_1230_Wien_06.jpg\" data-elementor-open-lightbox=\"yes\" data-elementor-lightbox-slideshow=\"04194cc\" data-elementor-lightbox-title=\"Austausch_Elektroverteiler_1230_Wien_06\" data-e-action-hash=\"#elementor-action%3Aaction%3Dlightbox%26settings%3DeyJpZCI6MjkxNCwidXJsIjoiaHR0cHM6XC9cL2UtbW4uYXRcL2VsZWt0cmlrXC93cC1jb250ZW50XC91cGxvYWRzXC8yMDI0XC8wM1wvQXVzdGF1c2NoX0VsZWt0cm92ZXJ0ZWlsZXJfMTIzMF9XaWVuXzA2LmpwZyIsInNsaWRlc2hvdyI6IjA0MTk0Y2MifQ%3D%3D\">\n\t\t\t\t\t<div class=\"e-gallery-image elementor-gallery-item__image\" data-thumbnail=\"https:\/\/e-mn.at\/elektrik\/wp-content\/uploads\/2024\/03\/Austausch_Elektroverteiler_1230_Wien_06-768x1024.jpg\" data-width=\"768\" data-height=\"1024\" aria-label=\"Strom Verteilerkasten w\u00e4hrend der Erneuerung auf den neusten technischen Stand.\" role=\"img\" ><\/div>\n\t\t\t\t\t\t\t\t\t\t\t<div class=\"elementor-gallery-item__overlay\"><\/div>\n\t\t\t\t\t\t\t\t\t\t\t\t\t\t<\/a>\n\t\t\t\t\t\t\t<a class=\"e-gallery-item elementor-gallery-item elementor-animated-content\" href=\"https:\/\/e-mn.at\/elektrik\/wp-content\/uploads\/2024\/03\/Austausch_Elektroverteiler_1230_Wien_05.jpg\" data-elementor-open-lightbox=\"yes\" data-elementor-lightbox-slideshow=\"04194cc\" data-elementor-lightbox-title=\"Austausch_Elektroverteiler_1230_Wien_05\" data-e-action-hash=\"#elementor-action%3Aaction%3Dlightbox%26settings%3DeyJpZCI6MjkxMywidXJsIjoiaHR0cHM6XC9cL2UtbW4uYXRcL2VsZWt0cmlrXC93cC1jb250ZW50XC91cGxvYWRzXC8yMDI0XC8wM1wvQXVzdGF1c2NoX0VsZWt0cm92ZXJ0ZWlsZXJfMTIzMF9XaWVuXzA1LmpwZyIsInNsaWRlc2hvdyI6IjA0MTk0Y2MifQ%3D%3D\">\n\t\t\t\t\t<div class=\"e-gallery-image elementor-gallery-item__image\" data-thumbnail=\"https:\/\/e-mn.at\/elektrik\/wp-content\/uploads\/2024\/03\/Austausch_Elektroverteiler_1230_Wien_05-768x1024.jpg\" data-width=\"768\" data-height=\"1024\" aria-label=\"Ein neuer Stromverteiler f\u00fcr effizientes Energriemanagement in 1230 Wien.\" role=\"img\" ><\/div>\n\t\t\t\t\t\t\t\t\t\t\t<div class=\"elementor-gallery-item__overlay\"><\/div>\n\t\t\t\t\t\t\t\t\t\t\t\t\t\t<\/a>\n\t\t\t\t\t\t\t<a class=\"e-gallery-item elementor-gallery-item elementor-animated-content\" href=\"https:\/\/e-mn.at\/elektrik\/wp-content\/uploads\/2024\/03\/Austausch_Elektroverteiler_1230_Wien_04.jpg\" data-elementor-open-lightbox=\"yes\" data-elementor-lightbox-slideshow=\"04194cc\" data-elementor-lightbox-title=\"Austausch_Elektroverteiler_1230_Wien_04\" data-elementor-lightbox-description=\"Beschriftung\" data-e-action-hash=\"#elementor-action%3Aaction%3Dlightbox%26settings%3DeyJpZCI6MjkxMiwidXJsIjoiaHR0cHM6XC9cL2UtbW4uYXRcL2VsZWt0cmlrXC93cC1jb250ZW50XC91cGxvYWRzXC8yMDI0XC8wM1wvQXVzdGF1c2NoX0VsZWt0cm92ZXJ0ZWlsZXJfMTIzMF9XaWVuXzA0LmpwZyIsInNsaWRlc2hvdyI6IjA0MTk0Y2MifQ%3D%3D\">\n\t\t\t\t\t<div class=\"e-gallery-image elementor-gallery-item__image\" data-thumbnail=\"https:\/\/e-mn.at\/elektrik\/wp-content\/uploads\/2024\/03\/Austausch_Elektroverteiler_1230_Wien_04-768x1024.jpg\" data-width=\"768\" data-height=\"1024\" aria-label=\"Saubere Dokumentation der Sicherungskastens durch den Elektriker Martin Nill.\" role=\"img\" ><\/div>\n\t\t\t\t\t\t\t\t\t\t\t<div class=\"elementor-gallery-item__overlay\"><\/div>\n\t\t\t\t\t\t\t\t\t\t\t\t\t\t<\/a>\n\t\t\t\t\t\t\t<a class=\"e-gallery-item elementor-gallery-item elementor-animated-content\" href=\"https:\/\/e-mn.at\/elektrik\/wp-content\/uploads\/2024\/03\/Austausch_Elektroverteiler_1230_Wien_03.jpg\" data-elementor-open-lightbox=\"yes\" data-elementor-lightbox-slideshow=\"04194cc\" data-elementor-lightbox-title=\"Austausch_Elektroverteiler_1230_Wien_03\" data-e-action-hash=\"#elementor-action%3Aaction%3Dlightbox%26settings%3DeyJpZCI6MjkxMSwidXJsIjoiaHR0cHM6XC9cL2UtbW4uYXRcL2VsZWt0cmlrXC93cC1jb250ZW50XC91cGxvYWRzXC8yMDI0XC8wM1wvQXVzdGF1c2NoX0VsZWt0cm92ZXJ0ZWlsZXJfMTIzMF9XaWVuXzAzLmpwZyIsInNsaWRlc2hvdyI6IjA0MTk0Y2MifQ%3D%3D\">\n\t\t\t\t\t<div class=\"e-gallery-image elementor-gallery-item__image\" data-thumbnail=\"https:\/\/e-mn.at\/elektrik\/wp-content\/uploads\/2024\/03\/Austausch_Elektroverteiler_1230_Wien_03.jpg\" data-width=\"641\" data-height=\"864\" aria-label=\"Elektro Pr\u00fcfbefund f\u00fcr einen elektrischen Verteilerkasten in 1230 Wien.\" role=\"img\" ><\/div>\n\t\t\t\t\t\t\t\t\t\t\t<div class=\"elementor-gallery-item__overlay\"><\/div>\n\t\t\t\t\t\t\t\t\t\t\t\t\t\t<\/a>\n\t\t\t\t\t\t\t<a class=\"e-gallery-item elementor-gallery-item elementor-animated-content\" href=\"https:\/\/e-mn.at\/elektrik\/wp-content\/uploads\/2024\/03\/Austausch_Elektroverteiler_1230_Wien_02.jpg\" data-elementor-open-lightbox=\"yes\" data-elementor-lightbox-slideshow=\"04194cc\" data-elementor-lightbox-title=\"Austausch_Elektroverteiler_1230_Wien_02\" data-e-action-hash=\"#elementor-action%3Aaction%3Dlightbox%26settings%3DeyJpZCI6MjkxMCwidXJsIjoiaHR0cHM6XC9cL2UtbW4uYXRcL2VsZWt0cmlrXC93cC1jb250ZW50XC91cGxvYWRzXC8yMDI0XC8wM1wvQXVzdGF1c2NoX0VsZWt0cm92ZXJ0ZWlsZXJfMTIzMF9XaWVuXzAyLmpwZyIsInNsaWRlc2hvdyI6IjA0MTk0Y2MifQ%3D%3D\">\n\t\t\t\t\t<div class=\"e-gallery-image elementor-gallery-item__image\" data-thumbnail=\"https:\/\/e-mn.at\/elektrik\/wp-content\/uploads\/2024\/03\/Austausch_Elektroverteiler_1230_Wien_02.jpg\" data-width=\"635\" data-height=\"800\" aria-label=\"Pr\u00fcfbefund f\u00fcr einen Verteilerkasten in Wien.\" role=\"img\" ><\/div>\n\t\t\t\t\t\t\t\t\t\t\t<div class=\"elementor-gallery-item__overlay\"><\/div>\n\t\t\t\t\t\t\t\t\t\t\t\t\t\t<\/a>\n\t\t\t\t\t\t\t<a class=\"e-gallery-item elementor-gallery-item elementor-animated-content\" href=\"https:\/\/e-mn.at\/elektrik\/wp-content\/uploads\/2024\/03\/Austausch_Elektroverteiler_1230_Wien_01.jpg\" data-elementor-open-lightbox=\"yes\" data-elementor-lightbox-slideshow=\"04194cc\" data-elementor-lightbox-title=\"Austausch_Elektroverteiler_1230_Wien_01\" data-e-action-hash=\"#elementor-action%3Aaction%3Dlightbox%26settings%3DeyJpZCI6MjkwOSwidXJsIjoiaHR0cHM6XC9cL2UtbW4uYXRcL2VsZWt0cmlrXC93cC1jb250ZW50XC91cGxvYWRzXC8yMDI0XC8wM1wvQXVzdGF1c2NoX0VsZWt0cm92ZXJ0ZWlsZXJfMTIzMF9XaWVuXzAxLmpwZyIsInNsaWRlc2hvdyI6IjA0MTk0Y2MifQ%3D%3D\">\n\t\t\t\t\t<div class=\"e-gallery-image elementor-gallery-item__image\" data-thumbnail=\"https:\/\/e-mn.at\/elektrik\/wp-content\/uploads\/2024\/03\/Austausch_Elektroverteiler_1230_Wien_01-768x547.jpg\" data-width=\"768\" data-height=\"547\" aria-label=\"Messungen des professionell montierten Strom Verteilers in 1230 Wien.\" role=\"img\" ><\/div>\n\t\t\t\t\t\t\t\t\t\t\t<div class=\"elementor-gallery-item__overlay\"><\/div>\n\t\t\t\t\t\t\t\t\t\t\t\t\t\t<\/a>\n\t\t\t\t\t<\/div>\n\t\t\t\t\t<\/div>\n\t\t\t\t<\/div>\n\t\t\t\t\t<\/div>\n\t\t<\/div>\n\t\t\t\t\t<\/div>\n\t\t<\/div>\n\t\t\t\t\t<\/div>\n\t\t<\/div>\n\t\t\t\t\t<\/div>\n\t\t<\/section>\n\t\t<div class=\"elementor-element elementor-element-4e98fff e-flex e-con-boxed e-con e-parent\" data-id=\"4e98fff\" data-element_type=\"container\">\n\t\t\t\t\t<div class=\"e-con-inner\">\n\t\t\t\t<div class=\"elementor-element elementor-element-b49cefe elementor-widget elementor-widget-bauen-post-grid\" data-id=\"b49cefe\" data-element_type=\"widget\" data-widget_type=\"bauen-post-grid.default\">\n\t\t\t\t<div class=\"elementor-widget-container\">\n\t\t\t\t\t\n\t\t<div class=\"sec-blog bauen-blog bauen-blog-el\">\n\t\t<div class=\"row\">\n            \t\t\t\t\n\t\t\t\t<div class=\"item col-md-3 \">\n\t\t\t\t\t\t\t\t\t\t<div class=\"position-re o-hidden position-re-order-blog-grid\">\n\t\t\t\t\t\t<a href=\"https:\/\/e-mn.at\/elektrik\/austausch-gesamte-verteileranlage-in-einem-restaurant\/\" class=\"cd-pt-ab\"><img decoding=\"async\" src=\"https:\/\/e-mn.at\/elektrik\/wp-content\/uploads\/2024\/01\/Elektroinstallationen_Restaurant_Wien.jpg\" alt=\"Austausch gesamte Verteileranlage in einem Restaurant\"><\/a>\n\t\t\t\t\t<\/div>\t\n\t\t\t\t\t\t\n\t\t\t\t\t<div class=\"con\">\n\t\t\t\t\t\t<span class=\"category\"><a href=\"https:\/\/e-mn.at\/elektrik\/category\/beratung-planung\/\" rel=\"category tag\">Beratung &amp; Planung<\/a>, <a href=\"https:\/\/e-mn.at\/elektrik\/category\/elektrobefunde\/\" rel=\"category tag\">Elektrobefunde<\/a>, <a href=\"https:\/\/e-mn.at\/elektrik\/category\/elektroinstallationen\/\" rel=\"category tag\">Elektroinstallationen<\/a>, <a href=\"https:\/\/e-mn.at\/elektrik\/category\/knx-alagen\/\" rel=\"category tag\">KNX-Anlagen<\/a> - 17. J\u00e4nner 2024<\/span>\n\t\t\t\t\t\t<h5><a href=\"https:\/\/e-mn.at\/elektrik\/austausch-gesamte-verteileranlage-in-einem-restaurant\/\">Austausch gesamte Verteileranlage in einem Restaurant<\/a><\/h5>\n\t\t\t\t\t<\/div>\t\t\t\n\t\t\t\t<\/div>\t\t\t\n\t\t\t\t\t\t\t\n\t\t\t\t<div class=\"item col-md-3 \">\n\t\t\t\t\t\t\t\t\t\t<div class=\"position-re o-hidden position-re-order-blog-grid\">\n\t\t\t\t\t\t<a href=\"https:\/\/e-mn.at\/elektrik\/elektroinstallation-fuer-hackschnitzelheizung-in-bestandsgebaeude\/\" class=\"cd-pt-ab\"><img decoding=\"async\" src=\"https:\/\/e-mn.at\/elektrik\/wp-content\/uploads\/2023\/11\/Heizhaus_Elektrikerarbeiten_Lassee.jpg\" alt=\"Elektroinstallation f\u00fcr Hackschnitzelheizung in Bestandsgeb\u00e4ude\"><\/a>\n\t\t\t\t\t<\/div>\t\n\t\t\t\t\t\t\n\t\t\t\t\t<div class=\"con\">\n\t\t\t\t\t\t<span class=\"category\"><a href=\"https:\/\/e-mn.at\/elektrik\/category\/beratung-planung\/\" rel=\"category tag\">Beratung &amp; Planung<\/a>, <a href=\"https:\/\/e-mn.at\/elektrik\/category\/elektrobefunde\/\" rel=\"category tag\">Elektrobefunde<\/a>, <a href=\"https:\/\/e-mn.at\/elektrik\/category\/elektroinstallationen\/\" rel=\"category tag\">Elektroinstallationen<\/a> - 24. November 2023<\/span>\n\t\t\t\t\t\t<h5><a href=\"https:\/\/e-mn.at\/elektrik\/elektroinstallation-fuer-hackschnitzelheizung-in-bestandsgebaeude\/\">Elektroinstallation f\u00fcr Hackschnitzelheizung in Bestandsgeb\u00e4ude<\/a><\/h5>\n\t\t\t\t\t<\/div>\t\t\t\n\t\t\t\t<\/div>\t\t\t\n\t\t\t\t\t\t\t\n\t\t\t\t<div class=\"item col-md-3 \">\n\t\t\t\t\t\t\t\t\t\t<div class=\"position-re o-hidden position-re-order-blog-grid\">\n\t\t\t\t\t\t<a href=\"https:\/\/e-mn.at\/elektrik\/austausch-verteileranlage-einfamilienhaus\/\" class=\"cd-pt-ab\"><img decoding=\"async\" src=\"https:\/\/e-mn.at\/elektrik\/wp-content\/uploads\/2023\/11\/Strom_Verteiler_Einfamilienhaus_Wien_vorher-01.jpg\" alt=\"Austausch Verteileranlage Einfamilienhaus\"><\/a>\n\t\t\t\t\t<\/div>\t\n\t\t\t\t\t\t\n\t\t\t\t\t<div class=\"con\">\n\t\t\t\t\t\t<span class=\"category\"><a href=\"https:\/\/e-mn.at\/elektrik\/category\/beratung-planung\/\" rel=\"category tag\">Beratung &amp; Planung<\/a>, <a href=\"https:\/\/e-mn.at\/elektrik\/category\/elektrobefunde\/\" rel=\"category tag\">Elektrobefunde<\/a>, <a href=\"https:\/\/e-mn.at\/elektrik\/category\/elektroinstallationen\/\" rel=\"category tag\">Elektroinstallationen<\/a> - 4. November 2023<\/span>\n\t\t\t\t\t\t<h5><a href=\"https:\/\/e-mn.at\/elektrik\/austausch-verteileranlage-einfamilienhaus\/\">Austausch Verteileranlage Einfamilienhaus<\/a><\/h5>\n\t\t\t\t\t<\/div>\t\t\t\n\t\t\t\t<\/div>\t\t\t\n\t\t\t\t\t\t\t\n\t\t\t\t<div class=\"item col-md-3 \">\n\t\t\t\t\t\t\t\t\t\t<div class=\"position-re o-hidden position-re-order-blog-grid\">\n\t\t\t\t\t\t<a href=\"https:\/\/e-mn.at\/elektrik\/generalsanierung-haussprechanlage-1190-wien\/\" class=\"cd-pt-ab\"><img decoding=\"async\" src=\"https:\/\/e-mn.at\/elektrik\/wp-content\/uploads\/2023\/10\/Gegensprechanlage_1190_Wien_Header.jpg\" alt=\"Generalsanierung Haussprechanlage 1190 Wien\"><\/a>\n\t\t\t\t\t<\/div>\t\n\t\t\t\t\t\t\n\t\t\t\t\t<div class=\"con\">\n\t\t\t\t\t\t<span class=\"category\"><a href=\"https:\/\/e-mn.at\/elektrik\/category\/beratung-planung\/\" rel=\"category tag\">Beratung &amp; Planung<\/a>, <a href=\"https:\/\/e-mn.at\/elektrik\/category\/sprechanlagen\/\" rel=\"category tag\">Sprechanlagen<\/a> - 14. Oktober 2023<\/span>\n\t\t\t\t\t\t<h5><a href=\"https:\/\/e-mn.at\/elektrik\/generalsanierung-haussprechanlage-1190-wien\/\">Generalsanierung Haussprechanlage 1190 Wien<\/a><\/h5>\n\t\t\t\t\t<\/div>\t\t\t\n\t\t\t\t<\/div>\t\t\t\n\t\t\t\t\t\t\n\t\t<\/div>\n\t\t<\/div>\n\t\t\n        \t\t\t\t<\/div>\n\t\t\t\t<\/div>\n\t\t\t\t\t<\/div>\n\t\t\t\t<\/div>\n\t\t\t\t<\/div>\n\t\t","protected":false},"excerpt":{"rendered":"<p>Austausch Verteiler Anlage 1230 Wien Juni 2023 Austausch Verteilereinbauten Pr\u00fcfdokumentation Elektrobefund M\u00e4ngelbehebungen Durchgef\u00fchrte Ma\u00dfnahmen: Austausch von Verteilereinbauten: Alle veralteten und defekten Komponenten wurden durch neue, den aktuellesten Sicherheitsstandards entsprechende Teile ersetzt, inklusive Schutzschalter und Sicherungen. M\u00e4ngelbehebung: Spezifische M\u00e4ngel, die eine direkte Gefahr darstellten, wurden identifiziert und umgehend behoben. Pr\u00fcfung und Dokumentation: Nach den Umbauarbeiten erfolgte eine gr\u00fcndliche Pr\u00fcfung der Anlagen&#8230;.<\/p>\n","protected":false},"author":1,"featured_media":2903,"comment_status":"closed","ping_status":"open","sticky":false,"template":"","format":"standard","meta":{"om_disable_all_campaigns":false,"_monsterinsights_skip_tracking":false,"_monsterinsights_sitenote_active":false,"_monsterinsights_sitenote_note":"","_monsterinsights_sitenote_category":0,"footnotes":"","_links_to":"","_links_to_target":""},"categories":[4,22],"tags":[],"class_list":["post-2900","post","type-post","status-publish","format-standard","has-post-thumbnail","hentry","category-elektrobefunde","category-elektroinstallationen"],"aioseo_notices":[],"_links":{"self":[{"href":"https:\/\/e-mn.at\/elektrik\/wp-json\/wp\/v2\/posts\/2900","targetHints":{"allow":["GET"]}}],"collection":[{"href":"https:\/\/e-mn.at\/elektrik\/wp-json\/wp\/v2\/posts"}],"about":[{"href":"https:\/\/e-mn.at\/elektrik\/wp-json\/wp\/v2\/types\/post"}],"author":[{"embeddable":true,"href":"https:\/\/e-mn.at\/elektrik\/wp-json\/wp\/v2\/users\/1"}],"replies":[{"embeddable":true,"href":"https:\/\/e-mn.at\/elektrik\/wp-json\/wp\/v2\/comments?post=2900"}],"version-history":[{"count":117,"href":"https:\/\/e-mn.at\/elektrik\/wp-json\/wp\/v2\/posts\/2900\/revisions"}],"predecessor-version":[{"id":3974,"href":"https:\/\/e-mn.at\/elektrik\/wp-json\/wp\/v2\/posts\/2900\/revisions\/3974"}],"wp:featuredmedia":[{"embeddable":true,"href":"https:\/\/e-mn.at\/elektrik\/wp-json\/wp\/v2\/media\/2903"}],"wp:attachment":[{"href":"https:\/\/e-mn.at\/elektrik\/wp-json\/wp\/v2\/media?parent=2900"}],"wp:term":[{"taxonomy":"category","embeddable":true,"href":"https:\/\/e-mn.at\/elektrik\/wp-json\/wp\/v2\/categories?post=2900"},{"taxonomy":"post_tag","embeddable":true,"href":"https:\/\/e-mn.at\/elektrik\/wp-json\/wp\/v2\/tags?post=2900"}],"curies":[{"name":"wp","href":"https:\/\/api.w.org\/{rel}","templated":true}]}}