{"id":3189,"date":"2023-11-04T18:43:18","date_gmt":"2023-11-04T17:43:18","guid":{"rendered":"https:\/\/e-mn.at\/elektrik\/?p=3189"},"modified":"2025-11-09T12:04:18","modified_gmt":"2025-11-09T11:04:18","slug":"austausch-verteileranlage-einfamilienhaus","status":"publish","type":"post","link":"https:\/\/e-mn.at\/elektrik\/austausch-verteileranlage-einfamilienhaus\/","title":{"rendered":"Austausch Verteileranlage Einfamilienhaus"},"content":{"rendered":"\t\t<div data-elementor-type=\"wp-post\" data-elementor-id=\"3189\" class=\"elementor elementor-3189\" data-elementor-post-type=\"post\">\n\t\t\t\t<div class=\"elementor-element elementor-element-6575537 e-flex e-con-boxed e-con e-parent\" data-id=\"6575537\" data-element_type=\"container\">\n\t\t\t\t\t<div class=\"e-con-inner\">\n\t\t<div class=\"elementor-element elementor-element-36e8802 e-con-full e-flex e-con e-child\" data-id=\"36e8802\" data-element_type=\"container\">\n\t\t\t\t<div class=\"elementor-element elementor-element-4c53119 elementor-widget__width-initial elementor-widget elementor-widget-bauen-title\" data-id=\"4c53119\" data-element_type=\"widget\" data-widget_type=\"bauen-title.default\">\n\t\t\t\t<div class=\"elementor-widget-container\">\n\t\t\t\t\t\t\t\n\t\t\t\n\t\t\t\t\t\t<h2 class=\"section-title text-left\">Austausch Verteiler Anlage Einfamilien Haus<\/h2>\n\t\t\t\t\n\t\t\t\t\n        \n\t\t\t\n        \t\t\t\t<\/div>\n\t\t\t\t<\/div>\n\t\t\t\t<\/div>\n\t\t<div class=\"elementor-element elementor-element-c99c570 e-con-full e-flex e-con e-child\" data-id=\"c99c570\" data-element_type=\"container\">\n\t\t<div class=\"elementor-element elementor-element-3a48461 e-flex e-con-boxed e-con e-child\" data-id=\"3a48461\" data-element_type=\"container\">\n\t\t\t\t\t<div class=\"e-con-inner\">\n\t\t\t\t<div class=\"elementor-element elementor-element-1680dcc elementor-widget elementor-widget-heading\" data-id=\"1680dcc\" data-element_type=\"widget\" data-widget_type=\"heading.default\">\n\t\t\t\t<div class=\"elementor-widget-container\">\n\t\t\t\t\t<h2 class=\"elementor-heading-title elementor-size-default\">2345 Brunn am Gebirge<\/h2>\t\t\t\t<\/div>\n\t\t\t\t<\/div>\n\t\t\t\t<div class=\"elementor-element elementor-element-e37fe94 elementor-widget elementor-widget-heading\" data-id=\"e37fe94\" data-element_type=\"widget\" data-widget_type=\"heading.default\">\n\t\t\t\t<div class=\"elementor-widget-container\">\n\t\t\t\t\t<h3 class=\"elementor-heading-title elementor-size-default\">Nov. 2023<\/h3>\t\t\t\t<\/div>\n\t\t\t\t<\/div>\n\t\t\t\t\t<\/div>\n\t\t\t\t<\/div>\n\t\t\t\t<\/div>\n\t\t\t\t\t<\/div>\n\t\t\t\t<\/div>\n\t\t<div class=\"elementor-element elementor-element-972ae02 e-flex e-con-boxed e-con e-parent\" data-id=\"972ae02\" data-element_type=\"container\">\n\t\t\t\t\t<div class=\"e-con-inner\">\n\t\t<div class=\"elementor-element elementor-element-085226c e-grid e-con-boxed e-con e-child\" data-id=\"085226c\" data-element_type=\"container\">\n\t\t\t\t\t<div class=\"e-con-inner\">\n\t\t\t\t<div class=\"elementor-element elementor-element-051a2d7 elementor-widget elementor-widget-bauen-list-icon\" data-id=\"051a2d7\" data-element_type=\"widget\" data-widget_type=\"bauen-list-icon.default\">\n\t\t\t\t<div class=\"elementor-widget-container\">\n\t\t\t\t\t\t\t\n         <ul class=\"list-unstyled page-list mb-30\">\t\n\t\t\t\t\t\t\t<li>\n                    \t\t\t\t\t<div class=\"page-list-icon\"> <i aria-hidden=\"true\" class=\"ti-check\"><\/i> <\/div>\n\t\t\t\t\t                    <div class=\"page-list-text\">\n                        <p>Austausch der Verteileranlage<\/p>\n                    <\/div>\n                <\/li>\n\t\t\t\t\t\n\t\t<\/ul>\n\t\t\t\n        \t\t\t\t<\/div>\n\t\t\t\t<\/div>\n\t\t\t\t<div class=\"elementor-element elementor-element-90b9b43 elementor-widget elementor-widget-bauen-list-icon\" data-id=\"90b9b43\" data-element_type=\"widget\" data-widget_type=\"bauen-list-icon.default\">\n\t\t\t\t<div class=\"elementor-widget-container\">\n\t\t\t\t\t\t\t\n         <ul class=\"list-unstyled page-list mb-30\">\t\n\t\t\t\t\t\t\t<li>\n                    \t\t\t\t\t<div class=\"page-list-icon\"> <i aria-hidden=\"true\" class=\"ti-check\"><\/i> <\/div>\n\t\t\t\t\t                    <div class=\"page-list-text\">\n                        <p>Einbinden PV-Anlage in Bestand<\/p>\n                    <\/div>\n                <\/li>\n\t\t\t\t\t\t\t<li>\n                    \t\t\t\t\t<div class=\"page-list-icon\"> <i aria-hidden=\"true\" class=\"ti-check\"><\/i> <\/div>\n\t\t\t\t\t                    <div class=\"page-list-text\">\n                        <p>\u00dcberpr\u00fcfen der Verteileranlage<\/p>\n                    <\/div>\n                <\/li>\n\t\t\t\t\t\n\t\t<\/ul>\n\t\t\t\n        \t\t\t\t<\/div>\n\t\t\t\t<\/div>\n\t\t\t\t<div class=\"elementor-element elementor-element-cd2f4a6 elementor-widget elementor-widget-bauen-list-icon\" data-id=\"cd2f4a6\" data-element_type=\"widget\" data-widget_type=\"bauen-list-icon.default\">\n\t\t\t\t<div class=\"elementor-widget-container\">\n\t\t\t\t\t\t\t\n         <ul class=\"list-unstyled page-list mb-30\">\t\n\t\t\t\t\t\t\t<li>\n                    \t\t\t\t\t<div class=\"page-list-icon\"> <i aria-hidden=\"true\" class=\"ti-check\"><\/i> <\/div>\n\t\t\t\t\t                    <div class=\"page-list-text\">\n                        <p>Pr\u00fcfdokumentation<\/p>\n                    <\/div>\n                <\/li>\n\t\t\t\t\t\n\t\t<\/ul>\n\t\t\t\n        \t\t\t\t<\/div>\n\t\t\t\t<\/div>\n\t\t\t\t\t<\/div>\n\t\t\t\t<\/div>\n\t\t\t\t\t<\/div>\n\t\t\t\t<\/div>\n\t\t<div class=\"elementor-element elementor-element-441a16f e-flex e-con-boxed e-con e-parent\" data-id=\"441a16f\" data-element_type=\"container\">\n\t\t\t\t\t<div class=\"e-con-inner\">\n\t\t\t\t<div class=\"elementor-element elementor-element-7f6762f elementor-widget elementor-widget-bauen-text\" data-id=\"7f6762f\" data-element_type=\"widget\" data-widget_type=\"bauen-text.default\">\n\t\t\t\t<div class=\"elementor-widget-container\">\n\t\t\t\t\t\t\t<div class=\"bn-text-block clear \">\n\t\t<ul><li><p><strong>Austausch der gesamten Verteileranlage<\/strong>: Wir haben die alte Verteileranlage vollst\u00e4ndig entfernt und durch eine moderne, den aktuellen Sicherheits- und Effizienzstandards entsprechende Anlage ersetzt. Dies erm\u00f6glicht eine sicherere und effizientere Energieverteilung im gesamten Haus.<\/p><\/li><li><p><strong>Einbinden der PV-Anlage in den Bestand<\/strong>: Ein wesentlicher Teil des Projekts war die Integration einer Photovoltaikanlage in die bestehende elektrische Infrastruktur. Diese Ma\u00dfnahme erlaubt es dem Hausbesitzer, erneuerbare Energie zu nutzen und die Abh\u00e4ngigkeit von externen Energiequellen zu reduzieren.<\/p><\/li><li><p><strong>\u00dcberpr\u00fcfen der Verteileranlage<\/strong>: Nach dem Austausch der Anlage haben wir eine gr\u00fcndliche \u00dcberpr\u00fcfung durchgef\u00fchrt, um sicherzustellen, dass alle Komponenten korrekt installiert wurden und die Anlage den geltenden Normen und Vorschriften entspricht.<\/p><\/li><li><p><strong>Pr\u00fcfdokumentation<\/strong>: Zum Abschluss des Projekts wurde eine detaillierte Pr\u00fcfdokumentation erstellt. Diese beinhaltet alle relevanten Informationen \u00fcber die durchgef\u00fchrten Arbeiten, die technischen Spezifikationen der neuen Anlage sowie die Ergebnisse der abschlie\u00dfenden \u00dcberpr\u00fcfung. Die Dokumentation dient als Nachweis der fachgerechten Ausf\u00fchrung und ist eine wichtige Ressource f\u00fcr zuk\u00fcnftige Wartungs- und \u00dcberpr\u00fcfungsarbeiten.<\/p><\/li><\/ul>\t\t<\/div>\n\t\t\t\t\t\t<\/div>\n\t\t\t\t<\/div>\n\t\t\t\t\t<\/div>\n\t\t\t\t<\/div>\n\t\t\t\t<section class=\"elementor-section elementor-top-section elementor-element elementor-element-43c0af9c elementor-section-full_width elementor-section-height-default elementor-section-height-default\" data-id=\"43c0af9c\" data-element_type=\"section\">\n\t\t\t\t\t\t<div class=\"elementor-container elementor-column-gap-default\">\n\t\t\t\t\t<div class=\"elementor-column elementor-col-100 elementor-top-column elementor-element elementor-element-1b7abfe6\" data-id=\"1b7abfe6\" data-element_type=\"column\">\n\t\t\t<div class=\"elementor-widget-wrap elementor-element-populated\">\n\t\t\t\t\t\t<div class=\"elementor-section elementor-inner-section elementor-element elementor-element-7113ba77 elementor-section-boxed elementor-section-height-default elementor-section-height-default\" data-id=\"7113ba77\" data-element_type=\"section\">\n\t\t\t\t\t\t<div class=\"elementor-container elementor-column-gap-default\">\n\t\t\t\t\t<div class=\"elementor-column elementor-col-100 elementor-inner-column elementor-element elementor-element-34cf771\" data-id=\"34cf771\" data-element_type=\"column\">\n\t\t\t<div class=\"elementor-widget-wrap elementor-element-populated\">\n\t\t\t\t\t\t<div class=\"elementor-element elementor-element-04194cc elementor-widget elementor-widget-gallery\" data-id=\"04194cc\" data-element_type=\"widget\" data-settings=\"{&quot;columns&quot;:3,&quot;gap&quot;:{&quot;unit&quot;:&quot;px&quot;,&quot;size&quot;:20,&quot;sizes&quot;:[]},&quot;lazyload&quot;:&quot;yes&quot;,&quot;gallery_layout&quot;:&quot;grid&quot;,&quot;columns_tablet&quot;:2,&quot;columns_mobile&quot;:1,&quot;gap_tablet&quot;:{&quot;unit&quot;:&quot;px&quot;,&quot;size&quot;:10,&quot;sizes&quot;:[]},&quot;gap_mobile&quot;:{&quot;unit&quot;:&quot;px&quot;,&quot;size&quot;:10,&quot;sizes&quot;:[]},&quot;link_to&quot;:&quot;file&quot;,&quot;aspect_ratio&quot;:&quot;3:2&quot;,&quot;overlay_background&quot;:&quot;yes&quot;,&quot;content_hover_animation&quot;:&quot;fade-in&quot;}\" data-widget_type=\"gallery.default\">\n\t\t\t\t<div class=\"elementor-widget-container\">\n\t\t\t\t\t\t\t<div class=\"elementor-gallery__container\">\n\t\t\t\t\t\t\t<a class=\"e-gallery-item elementor-gallery-item elementor-animated-content\" href=\"https:\/\/e-mn.at\/elektrik\/wp-content\/uploads\/2024\/11\/Strom_Verteiler_Einfamilienhaus_Wien_beim_Umbau.jpg\" data-elementor-open-lightbox=\"yes\" data-elementor-lightbox-slideshow=\"04194cc\" data-elementor-lightbox-title=\"Strom_Verteiler_Einfamilienhaus_Wien_beim_Umbau\" data-e-action-hash=\"#elementor-action%3Aaction%3Dlightbox%26settings%3DeyJpZCI6MzE5NSwidXJsIjoiaHR0cHM6XC9cL2UtbW4uYXRcL2VsZWt0cmlrXC93cC1jb250ZW50XC91cGxvYWRzXC8yMDI0XC8xMVwvU3Ryb21fVmVydGVpbGVyX0VpbmZhbWlsaWVuaGF1c19XaWVuX2JlaW1fVW1iYXUuanBnIiwic2xpZGVzaG93IjoiMDQxOTRjYyJ9\">\n\t\t\t\t\t<div class=\"e-gallery-image elementor-gallery-item__image\" data-thumbnail=\"https:\/\/e-mn.at\/elektrik\/wp-content\/uploads\/2024\/11\/Strom_Verteiler_Einfamilienhaus_Wien_beim_Umbau-768x1024.jpg\" data-width=\"768\" data-height=\"1024\" aria-label=\"Strom Verteiler in einem Einfamilienhaus vor der Umbau.\" role=\"img\" ><\/div>\n\t\t\t\t\t\t\t\t\t\t\t<div class=\"elementor-gallery-item__overlay\"><\/div>\n\t\t\t\t\t\t\t\t\t\t\t\t\t\t<\/a>\n\t\t\t\t\t\t\t<a class=\"e-gallery-item elementor-gallery-item elementor-animated-content\" href=\"https:\/\/e-mn.at\/elektrik\/wp-content\/uploads\/2024\/11\/Strom_Verteiler_Einfamilienhaus_Wien_vorher.jpg\" data-elementor-open-lightbox=\"yes\" data-elementor-lightbox-slideshow=\"04194cc\" data-elementor-lightbox-title=\"Strom_Verteiler_Einfamilienhaus_Wien_vorher\" data-e-action-hash=\"#elementor-action%3Aaction%3Dlightbox%26settings%3DeyJpZCI6MzE5NCwidXJsIjoiaHR0cHM6XC9cL2UtbW4uYXRcL2VsZWt0cmlrXC93cC1jb250ZW50XC91cGxvYWRzXC8yMDI0XC8xMVwvU3Ryb21fVmVydGVpbGVyX0VpbmZhbWlsaWVuaGF1c19XaWVuX3Zvcmhlci5qcGciLCJzbGlkZXNob3ciOiIwNDE5NGNjIn0%3D\">\n\t\t\t\t\t<div class=\"e-gallery-image elementor-gallery-item__image\" data-thumbnail=\"https:\/\/e-mn.at\/elektrik\/wp-content\/uploads\/2024\/11\/Strom_Verteiler_Einfamilienhaus_Wien_vorher-768x1024.jpg\" data-width=\"768\" data-height=\"1024\" aria-label=\"Andere Ansicht des Verteilers vor dem Umbau.\" role=\"img\" ><\/div>\n\t\t\t\t\t\t\t\t\t\t\t<div class=\"elementor-gallery-item__overlay\"><\/div>\n\t\t\t\t\t\t\t\t\t\t\t\t\t\t<\/a>\n\t\t\t\t\t\t\t<a class=\"e-gallery-item elementor-gallery-item elementor-animated-content\" href=\"https:\/\/e-mn.at\/elektrik\/wp-content\/uploads\/2024\/11\/Strom_Verteiler_Einfamilienhaus_Wien_Umbau.jpg\" data-elementor-open-lightbox=\"yes\" data-elementor-lightbox-slideshow=\"04194cc\" data-elementor-lightbox-title=\"Strom_Verteiler_Einfamilienhaus_Wien_Umbau\" data-e-action-hash=\"#elementor-action%3Aaction%3Dlightbox%26settings%3DeyJpZCI6MzE5MywidXJsIjoiaHR0cHM6XC9cL2UtbW4uYXRcL2VsZWt0cmlrXC93cC1jb250ZW50XC91cGxvYWRzXC8yMDI0XC8xMVwvU3Ryb21fVmVydGVpbGVyX0VpbmZhbWlsaWVuaGF1c19XaWVuX1VtYmF1LmpwZyIsInNsaWRlc2hvdyI6IjA0MTk0Y2MifQ%3D%3D\">\n\t\t\t\t\t<div class=\"e-gallery-image elementor-gallery-item__image\" data-thumbnail=\"https:\/\/e-mn.at\/elektrik\/wp-content\/uploads\/2024\/11\/Strom_Verteiler_Einfamilienhaus_Wien_Umbau-768x576.jpg\" data-width=\"768\" data-height=\"576\" aria-label=\"Der Stromverteiler in Brunn am Gebirge wird gewartet und die bauteile ersetzt.\" role=\"img\" ><\/div>\n\t\t\t\t\t\t\t\t\t\t\t<div class=\"elementor-gallery-item__overlay\"><\/div>\n\t\t\t\t\t\t\t\t\t\t\t\t\t\t<\/a>\n\t\t\t\t\t\t\t<a class=\"e-gallery-item elementor-gallery-item elementor-animated-content\" href=\"https:\/\/e-mn.at\/elektrik\/wp-content\/uploads\/2025\/10\/IMG_6621-scaled.jpg\" data-elementor-open-lightbox=\"yes\" data-elementor-lightbox-slideshow=\"04194cc\" data-elementor-lightbox-title=\"IMG_6621\" data-elementor-lightbox-description=\"Verteiler Neu\" data-e-action-hash=\"#elementor-action%3Aaction%3Dlightbox%26settings%3DeyJpZCI6NDE1OSwidXJsIjoiaHR0cHM6XC9cL2UtbW4uYXRcL2VsZWt0cmlrXC93cC1jb250ZW50XC91cGxvYWRzXC8yMDI1XC8xMFwvSU1HXzY2MjEtc2NhbGVkLmpwZyIsInNsaWRlc2hvdyI6IjA0MTk0Y2MifQ%3D%3D\">\n\t\t\t\t\t<div class=\"e-gallery-image elementor-gallery-item__image\" data-thumbnail=\"https:\/\/e-mn.at\/elektrik\/wp-content\/uploads\/2025\/10\/IMG_6621-768x1024.jpg\" data-width=\"768\" data-height=\"1024\" aria-label=\"Ein perfekt gewarteter Strom Verteiler vom Elektirker Martin Nill in Wien.\" role=\"img\" ><\/div>\n\t\t\t\t\t\t\t\t\t\t\t<div class=\"elementor-gallery-item__overlay\"><\/div>\n\t\t\t\t\t\t\t\t\t\t\t\t\t\t<\/a>\n\t\t\t\t\t<\/div>\n\t\t\t\t\t<\/div>\n\t\t\t\t<\/div>\n\t\t\t\t\t<\/div>\n\t\t<\/div>\n\t\t\t\t\t<\/div>\n\t\t<\/div>\n\t\t\t\t\t<\/div>\n\t\t<\/div>\n\t\t\t\t\t<\/div>\n\t\t<\/section>\n\t\t<div class=\"elementor-element elementor-element-4e98fff e-flex e-con-boxed e-con e-parent\" data-id=\"4e98fff\" data-element_type=\"container\">\n\t\t\t\t\t<div class=\"e-con-inner\">\n\t\t\t\t<div class=\"elementor-element elementor-element-b49cefe elementor-widget elementor-widget-bauen-post-grid\" data-id=\"b49cefe\" data-element_type=\"widget\" data-widget_type=\"bauen-post-grid.default\">\n\t\t\t\t<div class=\"elementor-widget-container\">\n\t\t\t\t\t\n\t\t<div class=\"sec-blog bauen-blog bauen-blog-el\">\n\t\t<div class=\"row\">\n            \t\t\t\t\n\t\t\t\t<div class=\"item col-md-3 \">\n\t\t\t\t\t\t\t\t\t\t<div class=\"position-re o-hidden position-re-order-blog-grid\">\n\t\t\t\t\t\t<a href=\"https:\/\/e-mn.at\/elektrik\/austausch-gesamte-verteileranlage-in-einem-restaurant\/\" class=\"cd-pt-ab\"><img decoding=\"async\" src=\"https:\/\/e-mn.at\/elektrik\/wp-content\/uploads\/2024\/01\/Elektroinstallationen_Restaurant_Wien.jpg\" alt=\"Austausch gesamte Verteileranlage in einem Restaurant\"><\/a>\n\t\t\t\t\t<\/div>\t\n\t\t\t\t\t\t\n\t\t\t\t\t<div class=\"con\">\n\t\t\t\t\t\t<span class=\"category\"><a href=\"https:\/\/e-mn.at\/elektrik\/category\/beratung-planung\/\" rel=\"category tag\">Beratung &amp; Planung<\/a>, <a href=\"https:\/\/e-mn.at\/elektrik\/category\/elektrobefunde\/\" rel=\"category tag\">Elektrobefunde<\/a>, <a href=\"https:\/\/e-mn.at\/elektrik\/category\/elektroinstallationen\/\" rel=\"category tag\">Elektroinstallationen<\/a>, <a href=\"https:\/\/e-mn.at\/elektrik\/category\/knx-alagen\/\" rel=\"category tag\">KNX-Anlagen<\/a> - 17. J\u00e4nner 2024<\/span>\n\t\t\t\t\t\t<h5><a href=\"https:\/\/e-mn.at\/elektrik\/austausch-gesamte-verteileranlage-in-einem-restaurant\/\">Austausch gesamte Verteileranlage in einem Restaurant<\/a><\/h5>\n\t\t\t\t\t<\/div>\t\t\t\n\t\t\t\t<\/div>\t\t\t\n\t\t\t\t\t\t\t\n\t\t\t\t<div class=\"item col-md-3 \">\n\t\t\t\t\t\t\t\t\t\t<div class=\"position-re o-hidden position-re-order-blog-grid\">\n\t\t\t\t\t\t<a href=\"https:\/\/e-mn.at\/elektrik\/elektroinstallation-fuer-hackschnitzelheizung-in-bestandsgebaeude\/\" class=\"cd-pt-ab\"><img decoding=\"async\" src=\"https:\/\/e-mn.at\/elektrik\/wp-content\/uploads\/2023\/11\/Heizhaus_Elektrikerarbeiten_Lassee.jpg\" alt=\"Elektroinstallation f\u00fcr Hackschnitzelheizung in Bestandsgeb\u00e4ude\"><\/a>\n\t\t\t\t\t<\/div>\t\n\t\t\t\t\t\t\n\t\t\t\t\t<div class=\"con\">\n\t\t\t\t\t\t<span class=\"category\"><a href=\"https:\/\/e-mn.at\/elektrik\/category\/beratung-planung\/\" rel=\"category tag\">Beratung &amp; Planung<\/a>, <a href=\"https:\/\/e-mn.at\/elektrik\/category\/elektrobefunde\/\" rel=\"category tag\">Elektrobefunde<\/a>, <a href=\"https:\/\/e-mn.at\/elektrik\/category\/elektroinstallationen\/\" rel=\"category tag\">Elektroinstallationen<\/a> - 24. November 2023<\/span>\n\t\t\t\t\t\t<h5><a href=\"https:\/\/e-mn.at\/elektrik\/elektroinstallation-fuer-hackschnitzelheizung-in-bestandsgebaeude\/\">Elektroinstallation f\u00fcr Hackschnitzelheizung in Bestandsgeb\u00e4ude<\/a><\/h5>\n\t\t\t\t\t<\/div>\t\t\t\n\t\t\t\t<\/div>\t\t\t\n\t\t\t\t\t\t\t\n\t\t\t\t<div class=\"item col-md-3 \">\n\t\t\t\t\t\t\t\t\t\t<div class=\"position-re o-hidden position-re-order-blog-grid\">\n\t\t\t\t\t\t<a href=\"https:\/\/e-mn.at\/elektrik\/austausch-verteileranlage-einfamilienhaus\/\" class=\"cd-pt-ab\"><img decoding=\"async\" src=\"https:\/\/e-mn.at\/elektrik\/wp-content\/uploads\/2023\/11\/Strom_Verteiler_Einfamilienhaus_Wien_vorher-01.jpg\" alt=\"Austausch Verteileranlage Einfamilienhaus\"><\/a>\n\t\t\t\t\t<\/div>\t\n\t\t\t\t\t\t\n\t\t\t\t\t<div class=\"con\">\n\t\t\t\t\t\t<span class=\"category\"><a href=\"https:\/\/e-mn.at\/elektrik\/category\/beratung-planung\/\" rel=\"category tag\">Beratung &amp; Planung<\/a>, <a href=\"https:\/\/e-mn.at\/elektrik\/category\/elektrobefunde\/\" rel=\"category tag\">Elektrobefunde<\/a>, <a href=\"https:\/\/e-mn.at\/elektrik\/category\/elektroinstallationen\/\" rel=\"category tag\">Elektroinstallationen<\/a> - 4. November 2023<\/span>\n\t\t\t\t\t\t<h5><a href=\"https:\/\/e-mn.at\/elektrik\/austausch-verteileranlage-einfamilienhaus\/\">Austausch Verteileranlage Einfamilienhaus<\/a><\/h5>\n\t\t\t\t\t<\/div>\t\t\t\n\t\t\t\t<\/div>\t\t\t\n\t\t\t\t\t\t\t\n\t\t\t\t<div class=\"item col-md-3 \">\n\t\t\t\t\t\t\t\t\t\t<div class=\"position-re o-hidden position-re-order-blog-grid\">\n\t\t\t\t\t\t<a href=\"https:\/\/e-mn.at\/elektrik\/generalsanierung-haussprechanlage-1190-wien\/\" class=\"cd-pt-ab\"><img decoding=\"async\" src=\"https:\/\/e-mn.at\/elektrik\/wp-content\/uploads\/2023\/10\/Gegensprechanlage_1190_Wien_Header.jpg\" alt=\"Generalsanierung Haussprechanlage 1190 Wien\"><\/a>\n\t\t\t\t\t<\/div>\t\n\t\t\t\t\t\t\n\t\t\t\t\t<div class=\"con\">\n\t\t\t\t\t\t<span class=\"category\"><a href=\"https:\/\/e-mn.at\/elektrik\/category\/beratung-planung\/\" rel=\"category tag\">Beratung &amp; Planung<\/a>, <a href=\"https:\/\/e-mn.at\/elektrik\/category\/sprechanlagen\/\" rel=\"category tag\">Sprechanlagen<\/a> - 14. Oktober 2023<\/span>\n\t\t\t\t\t\t<h5><a href=\"https:\/\/e-mn.at\/elektrik\/generalsanierung-haussprechanlage-1190-wien\/\">Generalsanierung Haussprechanlage 1190 Wien<\/a><\/h5>\n\t\t\t\t\t<\/div>\t\t\t\n\t\t\t\t<\/div>\t\t\t\n\t\t\t\t\t\t\n\t\t<\/div>\n\t\t<\/div>\n\t\t\n        \t\t\t\t<\/div>\n\t\t\t\t<\/div>\n\t\t\t\t\t<\/div>\n\t\t\t\t<\/div>\n\t\t\t\t<\/div>\n\t\t","protected":false},"excerpt":{"rendered":"<p>Austausch Verteiler Anlage Einfamilien Haus 2345 Brunn am Gebirge Nov. 2023 Austausch der Verteileranlage Einbinden PV-Anlage in Bestand \u00dcberpr\u00fcfen der Verteileranlage Pr\u00fcfdokumentation Austausch der gesamten Verteileranlage: Wir haben die alte Verteileranlage vollst\u00e4ndig entfernt und durch eine moderne, den aktuellen Sicherheits- und Effizienzstandards entsprechende Anlage ersetzt. Dies erm\u00f6glicht eine sicherere und effizientere Energieverteilung im gesamten Haus. Einbinden der PV-Anlage in den&#8230;<\/p>\n","protected":false},"author":1,"featured_media":4760,"comment_status":"closed","ping_status":"open","sticky":false,"template":"","format":"standard","meta":{"om_disable_all_campaigns":false,"_monsterinsights_skip_tracking":false,"_monsterinsights_sitenote_active":false,"_monsterinsights_sitenote_note":"","_monsterinsights_sitenote_category":0,"footnotes":"","_links_to":"","_links_to_target":""},"categories":[2,4,22],"tags":[],"class_list":["post-3189","post","type-post","status-publish","format-standard","has-post-thumbnail","hentry","category-beratung-planung","category-elektrobefunde","category-elektroinstallationen"],"aioseo_notices":[],"_links":{"self":[{"href":"https:\/\/e-mn.at\/elektrik\/wp-json\/wp\/v2\/posts\/3189","targetHints":{"allow":["GET"]}}],"collection":[{"href":"https:\/\/e-mn.at\/elektrik\/wp-json\/wp\/v2\/posts"}],"about":[{"href":"https:\/\/e-mn.at\/elektrik\/wp-json\/wp\/v2\/types\/post"}],"author":[{"embeddable":true,"href":"https:\/\/e-mn.at\/elektrik\/wp-json\/wp\/v2\/users\/1"}],"replies":[{"embeddable":true,"href":"https:\/\/e-mn.at\/elektrik\/wp-json\/wp\/v2\/comments?post=3189"}],"version-history":[{"count":14,"href":"https:\/\/e-mn.at\/elektrik\/wp-json\/wp\/v2\/posts\/3189\/revisions"}],"predecessor-version":[{"id":4503,"href":"https:\/\/e-mn.at\/elektrik\/wp-json\/wp\/v2\/posts\/3189\/revisions\/4503"}],"wp:featuredmedia":[{"embeddable":true,"href":"https:\/\/e-mn.at\/elektrik\/wp-json\/wp\/v2\/media\/4760"}],"wp:attachment":[{"href":"https:\/\/e-mn.at\/elektrik\/wp-json\/wp\/v2\/media?parent=3189"}],"wp:term":[{"taxonomy":"category","embeddable":true,"href":"https:\/\/e-mn.at\/elektrik\/wp-json\/wp\/v2\/categories?post=3189"},{"taxonomy":"post_tag","embeddable":true,"href":"https:\/\/e-mn.at\/elektrik\/wp-json\/wp\/v2\/tags?post=3189"}],"curies":[{"name":"wp","href":"https:\/\/api.w.org\/{rel}","templated":true}]}}