{"id":3225,"date":"2024-01-17T10:54:19","date_gmt":"2024-01-17T09:54:19","guid":{"rendered":"https:\/\/e-mn.at\/elektrik\/?p=3225"},"modified":"2025-11-09T10:12:42","modified_gmt":"2025-11-09T09:12:42","slug":"austausch-gesamte-verteileranlage-in-einem-restaurant","status":"publish","type":"post","link":"https:\/\/e-mn.at\/elektrik\/austausch-gesamte-verteileranlage-in-einem-restaurant\/","title":{"rendered":"Austausch gesamte Verteileranlage in einem Restaurant"},"content":{"rendered":"\t\t<div data-elementor-type=\"wp-post\" data-elementor-id=\"3225\" class=\"elementor elementor-3225\" data-elementor-post-type=\"post\">\n\t\t\t\t<div class=\"elementor-element elementor-element-6575537 e-flex e-con-boxed e-con e-parent\" data-id=\"6575537\" data-element_type=\"container\">\n\t\t\t\t\t<div class=\"e-con-inner\">\n\t\t<div class=\"elementor-element elementor-element-36e8802 e-con-full e-flex e-con e-child\" data-id=\"36e8802\" data-element_type=\"container\">\n\t\t\t\t<div class=\"elementor-element elementor-element-4c53119 elementor-widget__width-initial elementor-widget elementor-widget-bauen-title\" data-id=\"4c53119\" data-element_type=\"widget\" data-widget_type=\"bauen-title.default\">\n\t\t\t\t<div class=\"elementor-widget-container\">\n\t\t\t\t\t\t\t\n\t\t\t\n\t\t\t\t\t\t<h2 class=\"section-title text-left\">Austausch gesamte Verteiler Anlage in einem Restaurant<\/h2>\n\t\t\t\t\n\t\t\t\t\n        \n\t\t\t\n        \t\t\t\t<\/div>\n\t\t\t\t<\/div>\n\t\t\t\t<\/div>\n\t\t<div class=\"elementor-element elementor-element-c99c570 e-con-full e-flex e-con e-child\" data-id=\"c99c570\" data-element_type=\"container\">\n\t\t<div class=\"elementor-element elementor-element-3a48461 e-flex e-con-boxed e-con e-child\" data-id=\"3a48461\" data-element_type=\"container\">\n\t\t\t\t\t<div class=\"e-con-inner\">\n\t\t\t\t<div class=\"elementor-element elementor-element-1680dcc elementor-widget elementor-widget-heading\" data-id=\"1680dcc\" data-element_type=\"widget\" data-widget_type=\"heading.default\">\n\t\t\t\t<div class=\"elementor-widget-container\">\n\t\t\t\t\t<h2 class=\"elementor-heading-title elementor-size-default\">1070 Wien<\/h2>\t\t\t\t<\/div>\n\t\t\t\t<\/div>\n\t\t\t\t<div class=\"elementor-element elementor-element-e37fe94 elementor-widget elementor-widget-heading\" data-id=\"e37fe94\" data-element_type=\"widget\" data-widget_type=\"heading.default\">\n\t\t\t\t<div class=\"elementor-widget-container\">\n\t\t\t\t\t<h3 class=\"elementor-heading-title elementor-size-default\">J\u00e4n. 2024<\/h3>\t\t\t\t<\/div>\n\t\t\t\t<\/div>\n\t\t\t\t\t<\/div>\n\t\t\t\t<\/div>\n\t\t\t\t<\/div>\n\t\t\t\t\t<\/div>\n\t\t\t\t<\/div>\n\t\t<div class=\"elementor-element elementor-element-972ae02 e-flex e-con-boxed e-con e-parent\" data-id=\"972ae02\" data-element_type=\"container\">\n\t\t\t\t\t<div class=\"e-con-inner\">\n\t\t<div class=\"elementor-element elementor-element-085226c e-grid e-con-boxed e-con e-child\" data-id=\"085226c\" data-element_type=\"container\">\n\t\t\t\t\t<div class=\"e-con-inner\">\n\t\t\t\t<div class=\"elementor-element elementor-element-051a2d7 elementor-widget elementor-widget-bauen-list-icon\" data-id=\"051a2d7\" data-element_type=\"widget\" data-widget_type=\"bauen-list-icon.default\">\n\t\t\t\t<div class=\"elementor-widget-container\">\n\t\t\t\t\t\t\t\n         <ul class=\"list-unstyled page-list mb-30\">\t\n\t\t\t\t\t\t\t<li>\n                    \t\t\t\t\t<div class=\"page-list-icon\"> <i aria-hidden=\"true\" class=\"ti-check\"><\/i> <\/div>\n\t\t\t\t\t                    <div class=\"page-list-text\">\n                        <p>Provisorischer  Notbetrieb K\u00fchlungen<\/p>\n                    <\/div>\n                <\/li>\n\t\t\t\t\t\t\t<li>\n                    \t\t\t\t\t<div class=\"page-list-icon\"> <i aria-hidden=\"true\" class=\"ti-check\"><\/i> <\/div>\n\t\t\t\t\t                    <div class=\"page-list-text\">\n                        <p>3 Tage Bauzeit<\/p>\n                    <\/div>\n                <\/li>\n\t\t\t\t\t\t\t<li>\n                    \t\t\t\t\t<div class=\"page-list-icon\"> <i aria-hidden=\"true\" class=\"ti-check\"><\/i> <\/div>\n\t\t\t\t\t                    <div class=\"page-list-text\">\n                        <p>Stromkreiszuordnungen<\/p>\n                    <\/div>\n                <\/li>\n\t\t\t\t\t\n\t\t<\/ul>\n\t\t\t\n        \t\t\t\t<\/div>\n\t\t\t\t<\/div>\n\t\t\t\t<div class=\"elementor-element elementor-element-90b9b43 elementor-widget elementor-widget-bauen-list-icon\" data-id=\"90b9b43\" data-element_type=\"widget\" data-widget_type=\"bauen-list-icon.default\">\n\t\t\t\t<div class=\"elementor-widget-container\">\n\t\t\t\t\t\t\t\n         <ul class=\"list-unstyled page-list mb-30\">\t\n\t\t\t\t\t\t\t<li>\n                    \t\t\t\t\t<div class=\"page-list-icon\"> <i aria-hidden=\"true\" class=\"ti-check\"><\/i> <\/div>\n\t\t\t\t\t                    <div class=\"page-list-text\">\n                        <p>Umbau auf KNX-System<\/p>\n                    <\/div>\n                <\/li>\n\t\t\t\t\t\t\t<li>\n                    \t\t\t\t\t<div class=\"page-list-icon\"> <i aria-hidden=\"true\" class=\"ti-check\"><\/i> <\/div>\n\t\t\t\t\t                    <div class=\"page-list-text\">\n                        <p>Miniserver KNX<\/p>\n                    <\/div>\n                <\/li>\n\t\t\t\t\t\n\t\t<\/ul>\n\t\t\t\n        \t\t\t\t<\/div>\n\t\t\t\t<\/div>\n\t\t\t\t<div class=\"elementor-element elementor-element-cd2f4a6 elementor-widget elementor-widget-bauen-list-icon\" data-id=\"cd2f4a6\" data-element_type=\"widget\" data-widget_type=\"bauen-list-icon.default\">\n\t\t\t\t<div class=\"elementor-widget-container\">\n\t\t\t\t\t\t\t\n         <ul class=\"list-unstyled page-list mb-30\">\t\n\t\t\t\t\t\t\t<li>\n                    \t\t\t\t\t<div class=\"page-list-icon\"> <i aria-hidden=\"true\" class=\"ti-check\"><\/i> <\/div>\n\t\t\t\t\t                    <div class=\"page-list-text\">\n                        <p>Bedienung \u00fcber Handy-App<\/p>\n                    <\/div>\n                <\/li>\n\t\t\t\t\t\t\t<li>\n                    \t\t\t\t\t<div class=\"page-list-icon\"> <i aria-hidden=\"true\" class=\"ti-check\"><\/i> <\/div>\n\t\t\t\t\t                    <div class=\"page-list-text\">\n                        <p>Dimmfunktion f\u00fcr Beleuchtungen<\/p>\n                    <\/div>\n                <\/li>\n\t\t\t\t\t\t\t<li>\n                    \t\t\t\t\t<div class=\"page-list-icon\"> <i aria-hidden=\"true\" class=\"ti-check\"><\/i> <\/div>\n\t\t\t\t\t                    <div class=\"page-list-text\">\n                        <p>Anlagen\u00fcberpr\u00fcfung<\/p>\n                    <\/div>\n                <\/li>\n\t\t\t\t\t\n\t\t<\/ul>\n\t\t\t\n        \t\t\t\t<\/div>\n\t\t\t\t<\/div>\n\t\t\t\t\t<\/div>\n\t\t\t\t<\/div>\n\t\t\t\t\t<\/div>\n\t\t\t\t<\/div>\n\t\t<div class=\"elementor-element elementor-element-441a16f e-flex e-con-boxed e-con e-parent\" data-id=\"441a16f\" data-element_type=\"container\">\n\t\t\t\t\t<div class=\"e-con-inner\">\n\t\t\t\t<div class=\"elementor-element elementor-element-7f6762f elementor-widget elementor-widget-bauen-text\" data-id=\"7f6762f\" data-element_type=\"widget\" data-widget_type=\"bauen-text.default\">\n\t\t\t\t<div class=\"elementor-widget-container\">\n\t\t\t\t\t\t\t<div class=\"bn-text-block clear \">\n\t\t<ul><li><p><strong>Prov. Notbetrieb K\u00fchlungen<\/strong>: Um w\u00e4hrend der 3-t\u00e4gigen Bauzeit den Betrieb der essenziellen K\u00fchlungen sicherzustellen, implementierten wir einen provisorischen Notbetrieb. Dies gew\u00e4hrleistete, dass alle verderblichen Waren unter optimalen Bedingungen gelagert wurden und der Restaurantbetrieb mit minimalen Unterbrechungen fortgesetzt werden konnte.<\/p><\/li><li><p><strong>3 Tage Bauzeit<\/strong>: Trotz der Komplexit\u00e4t des Projekts und der Notwendigkeit, den Restaurantbetrieb so wenig wie m\u00f6glich zu beeintr\u00e4chtigen, wurde der gesamte Austausch der Verteileranlage innerhalb von drei Tagen erfolgreich abgeschlossen. Durch sorgf\u00e4ltige Planung und effiziente Ausf\u00fchrung konnten wir diesen engen Zeitrahmen einhalten.<\/p><\/li><li><p><strong>Stromkreiszuordnungen<\/strong>: Ein Schl\u00fcsselelement des Projekts war die Neuzuordnung der Stromkreise, um eine effizientere Energieverteilung und verbesserte Sicherheit zu erreichen. Dies erm\u00f6glichte eine optimierte Leistung und Zuverl\u00e4ssigkeit der elektrischen Anlagen des Restaurants.<\/p><\/li><li><p><strong>Umbau auf KNX-System<\/strong>: Der Wechsel zu einem fortschrittlichen KNX-System stellt einen bedeutenden Schritt in Richtung Automatisierung und intelligentes Energiemanagement dar. Durch die Integration eines Miniservers kann das gesamte System zentral gesteuert werden, was Effizienz und Benutzerfreundlichkeit erh\u00f6ht.<\/p><\/li><li><p><strong>Miniserver KNX &amp; Bedienung \u00fcber Handy-App<\/strong>: Der eingebaute Miniserver erm\u00f6glicht die Kontrolle und \u00dcberwachung des Systems \u00fcber eine Handy-App. Dies bietet dem Restaurantpersonal die Flexibilit\u00e4t, Beleuchtung, Klima und andere elektrische Systeme direkt von ihrem Smartphone aus zu steuern, was den Komfort und die Effizienz deutlich steigert.<\/p><\/li><li><p><strong>Dimmfunktion f\u00fcr Beleuchtungen<\/strong>: Ein weiteres Highlight des Projekts ist die Implementierung einer Dimmfunktion f\u00fcr die gesamte Beleuchtung, welche es erm\u00f6glicht die Atmosph\u00e4re des Restaurants je nach Bedarf anzupassen. Dies tr\u00e4gt nicht nur zum Ambiente bei, sondern hilft auch, Energie zu sparen.<\/p><\/li><li><p><strong>Anlagen\u00fcberpr\u00fcfung<\/strong>: Nach Abschluss der Installationsarbeiten f\u00fchrten wir eine gr\u00fcndliche \u00dcberpr\u00fcfung der neuen Anlage durch, um sicherzustellen, dass alles den h\u00f6chsten Standards entspricht. Die Anlagen\u00fcberpr\u00fcfung best\u00e4tigte die ordnungsgem\u00e4\u00dfe Installation und Funktionsf\u00e4higkeit des Systems.<\/p><\/li><\/ul>\t\t<\/div>\n\t\t\t\t\t\t<\/div>\n\t\t\t\t<\/div>\n\t\t\t\t\t<\/div>\n\t\t\t\t<\/div>\n\t\t\t\t<section class=\"elementor-section elementor-top-section elementor-element elementor-element-43c0af9c elementor-section-full_width elementor-section-height-default elementor-section-height-default\" data-id=\"43c0af9c\" data-element_type=\"section\">\n\t\t\t\t\t\t<div class=\"elementor-container elementor-column-gap-default\">\n\t\t\t\t\t<div class=\"elementor-column elementor-col-100 elementor-top-column elementor-element elementor-element-1b7abfe6\" data-id=\"1b7abfe6\" data-element_type=\"column\">\n\t\t\t<div class=\"elementor-widget-wrap elementor-element-populated\">\n\t\t\t\t\t\t<div class=\"elementor-section elementor-inner-section elementor-element elementor-element-7113ba77 elementor-section-boxed elementor-section-height-default elementor-section-height-default\" data-id=\"7113ba77\" data-element_type=\"section\">\n\t\t\t\t\t\t<div class=\"elementor-container elementor-column-gap-default\">\n\t\t\t\t\t<div class=\"elementor-column elementor-col-100 elementor-inner-column elementor-element elementor-element-34cf771\" data-id=\"34cf771\" data-element_type=\"column\">\n\t\t\t<div class=\"elementor-widget-wrap elementor-element-populated\">\n\t\t\t\t\t\t<div class=\"elementor-element elementor-element-04194cc elementor-widget elementor-widget-gallery\" data-id=\"04194cc\" data-element_type=\"widget\" data-settings=\"{&quot;columns&quot;:3,&quot;gap&quot;:{&quot;unit&quot;:&quot;px&quot;,&quot;size&quot;:20,&quot;sizes&quot;:[]},&quot;lazyload&quot;:&quot;yes&quot;,&quot;gallery_layout&quot;:&quot;grid&quot;,&quot;columns_tablet&quot;:2,&quot;columns_mobile&quot;:1,&quot;gap_tablet&quot;:{&quot;unit&quot;:&quot;px&quot;,&quot;size&quot;:10,&quot;sizes&quot;:[]},&quot;gap_mobile&quot;:{&quot;unit&quot;:&quot;px&quot;,&quot;size&quot;:10,&quot;sizes&quot;:[]},&quot;link_to&quot;:&quot;file&quot;,&quot;aspect_ratio&quot;:&quot;3:2&quot;,&quot;overlay_background&quot;:&quot;yes&quot;,&quot;content_hover_animation&quot;:&quot;fade-in&quot;}\" data-widget_type=\"gallery.default\">\n\t\t\t\t<div class=\"elementor-widget-container\">\n\t\t\t\t\t\t\t<div class=\"elementor-gallery__container\">\n\t\t\t\t\t\t\t<a class=\"e-gallery-item elementor-gallery-item elementor-animated-content\" href=\"https:\/\/e-mn.at\/elektrik\/wp-content\/uploads\/2024\/01\/Stomverteiler_Wien_alt.jpg\" data-elementor-open-lightbox=\"yes\" data-elementor-lightbox-slideshow=\"04194cc\" data-elementor-lightbox-title=\"Stomverteiler_Wien_alt\" data-e-action-hash=\"#elementor-action%3Aaction%3Dlightbox%26settings%3DeyJpZCI6MzIzOSwidXJsIjoiaHR0cHM6XC9cL2UtbW4uYXRcL2VsZWt0cmlrXC93cC1jb250ZW50XC91cGxvYWRzXC8yMDI0XC8wMVwvU3RvbXZlcnRlaWxlcl9XaWVuX2FsdC5qcGciLCJzbGlkZXNob3ciOiIwNDE5NGNjIn0%3D\">\n\t\t\t\t\t<div class=\"e-gallery-image elementor-gallery-item__image\" data-thumbnail=\"https:\/\/e-mn.at\/elektrik\/wp-content\/uploads\/2024\/01\/Stomverteiler_Wien_alt-768x1024.jpg\" data-width=\"768\" data-height=\"1024\" aria-label=\"Ein Stromverteiler in Wien, der verbessert werden soll.\" role=\"img\" ><\/div>\n\t\t\t\t\t\t\t\t\t\t\t<div class=\"elementor-gallery-item__overlay\"><\/div>\n\t\t\t\t\t\t\t\t\t\t\t\t\t\t<\/a>\n\t\t\t\t\t\t\t<a class=\"e-gallery-item elementor-gallery-item elementor-animated-content\" href=\"https:\/\/e-mn.at\/elektrik\/wp-content\/uploads\/2024\/01\/Elektroinstallationen_Wien_Verteilerkasten_vorher.jpg\" data-elementor-open-lightbox=\"yes\" data-elementor-lightbox-slideshow=\"04194cc\" data-elementor-lightbox-title=\"Elektroinstallationen_Wien_Verteilerkasten_vorher\" data-e-action-hash=\"#elementor-action%3Aaction%3Dlightbox%26settings%3DeyJpZCI6MzIzMywidXJsIjoiaHR0cHM6XC9cL2UtbW4uYXRcL2VsZWt0cmlrXC93cC1jb250ZW50XC91cGxvYWRzXC8yMDI0XC8wMVwvRWxla3Ryb2luc3RhbGxhdGlvbmVuX1dpZW5fVmVydGVpbGVya2FzdGVuX3Zvcmhlci5qcGciLCJzbGlkZXNob3ciOiIwNDE5NGNjIn0%3D\">\n\t\t\t\t\t<div class=\"e-gallery-image elementor-gallery-item__image\" data-thumbnail=\"https:\/\/e-mn.at\/elektrik\/wp-content\/uploads\/2024\/01\/Elektroinstallationen_Wien_Verteilerkasten_vorher-768x576.jpg\" data-width=\"768\" data-height=\"576\" aria-label=\"Die alten Elektroinstallationen in ihrer vollen Pracht.\" role=\"img\" ><\/div>\n\t\t\t\t\t\t\t\t\t\t\t<div class=\"elementor-gallery-item__overlay\"><\/div>\n\t\t\t\t\t\t\t\t\t\t\t\t\t\t<\/a>\n\t\t\t\t\t\t\t<a class=\"e-gallery-item elementor-gallery-item elementor-animated-content\" href=\"https:\/\/e-mn.at\/elektrik\/wp-content\/uploads\/2024\/01\/Restaurant_Verteilerkasten_vorher.jpg\" data-elementor-open-lightbox=\"yes\" data-elementor-lightbox-slideshow=\"04194cc\" data-elementor-lightbox-title=\"Restaurant_Verteilerkasten_vorher\" data-e-action-hash=\"#elementor-action%3Aaction%3Dlightbox%26settings%3DeyJpZCI6MzIzNCwidXJsIjoiaHR0cHM6XC9cL2UtbW4uYXRcL2VsZWt0cmlrXC93cC1jb250ZW50XC91cGxvYWRzXC8yMDI0XC8wMVwvUmVzdGF1cmFudF9WZXJ0ZWlsZXJrYXN0ZW5fdm9yaGVyLmpwZyIsInNsaWRlc2hvdyI6IjA0MTk0Y2MifQ%3D%3D\">\n\t\t\t\t\t<div class=\"e-gallery-image elementor-gallery-item__image\" data-thumbnail=\"https:\/\/e-mn.at\/elektrik\/wp-content\/uploads\/2024\/01\/Restaurant_Verteilerkasten_vorher-768x576.jpg\" data-width=\"768\" data-height=\"576\" aria-label=\"Diese Elektroinstallationen ben\u00f6tigen dringende Modernisierung.\" role=\"img\" ><\/div>\n\t\t\t\t\t\t\t\t\t\t\t<div class=\"elementor-gallery-item__overlay\"><\/div>\n\t\t\t\t\t\t\t\t\t\t\t\t\t\t<\/a>\n\t\t\t\t\t\t\t<a class=\"e-gallery-item elementor-gallery-item elementor-animated-content\" href=\"https:\/\/e-mn.at\/elektrik\/wp-content\/uploads\/2024\/01\/Elektriker_arbeiten_Verteilerkasten.jpg\" data-elementor-open-lightbox=\"yes\" data-elementor-lightbox-slideshow=\"04194cc\" data-elementor-lightbox-title=\"Elektriker_arbeiten_Verteilerkasten\" data-e-action-hash=\"#elementor-action%3Aaction%3Dlightbox%26settings%3DeyJpZCI6MzIzMSwidXJsIjoiaHR0cHM6XC9cL2UtbW4uYXRcL2VsZWt0cmlrXC93cC1jb250ZW50XC91cGxvYWRzXC8yMDI0XC8wMVwvRWxla3RyaWtlcl9hcmJlaXRlbl9WZXJ0ZWlsZXJrYXN0ZW4uanBnIiwic2xpZGVzaG93IjoiMDQxOTRjYyJ9\">\n\t\t\t\t\t<div class=\"e-gallery-image elementor-gallery-item__image\" data-thumbnail=\"https:\/\/e-mn.at\/elektrik\/wp-content\/uploads\/2024\/01\/Elektriker_arbeiten_Verteilerkasten-768x1024.jpg\" data-width=\"768\" data-height=\"1024\" aria-label=\"Veraltete Elektrik wird entfernt.\" role=\"img\" ><\/div>\n\t\t\t\t\t\t\t\t\t\t\t<div class=\"elementor-gallery-item__overlay\"><\/div>\n\t\t\t\t\t\t\t\t\t\t\t\t\t\t<\/a>\n\t\t\t\t\t\t\t<a class=\"e-gallery-item elementor-gallery-item elementor-animated-content\" href=\"https:\/\/e-mn.at\/elektrik\/wp-content\/uploads\/2024\/01\/Arbeiten_Strom_Wien.jpg\" data-elementor-open-lightbox=\"yes\" data-elementor-lightbox-slideshow=\"04194cc\" data-elementor-lightbox-title=\"Arbeiten_Strom_Wien\" data-e-action-hash=\"#elementor-action%3Aaction%3Dlightbox%26settings%3DeyJpZCI6MzIyOCwidXJsIjoiaHR0cHM6XC9cL2UtbW4uYXRcL2VsZWt0cmlrXC93cC1jb250ZW50XC91cGxvYWRzXC8yMDI0XC8wMVwvQXJiZWl0ZW5fU3Ryb21fV2llbi5qcGciLCJzbGlkZXNob3ciOiIwNDE5NGNjIn0%3D\">\n\t\t\t\t\t<div class=\"e-gallery-image elementor-gallery-item__image\" data-thumbnail=\"https:\/\/e-mn.at\/elektrik\/wp-content\/uploads\/2024\/01\/Arbeiten_Strom_Wien-768x1024.jpg\" data-width=\"768\" data-height=\"1024\" aria-label=\"Der Strom Verteilerkasten ist f\u00fcr den Einbau von modernen, effizienten Komponenten bereit.\" role=\"img\" ><\/div>\n\t\t\t\t\t\t\t\t\t\t\t<div class=\"elementor-gallery-item__overlay\"><\/div>\n\t\t\t\t\t\t\t\t\t\t\t\t\t\t<\/a>\n\t\t\t\t\t\t\t<a class=\"e-gallery-item elementor-gallery-item elementor-animated-content\" href=\"https:\/\/e-mn.at\/elektrik\/wp-content\/uploads\/2024\/01\/Aufbau_Sicherungen_Elektrik.jpg\" data-elementor-open-lightbox=\"yes\" data-elementor-lightbox-slideshow=\"04194cc\" data-elementor-lightbox-title=\"Aufbau_Sicherungen_Elektrik\" data-e-action-hash=\"#elementor-action%3Aaction%3Dlightbox%26settings%3DeyJpZCI6MzIyOSwidXJsIjoiaHR0cHM6XC9cL2UtbW4uYXRcL2VsZWt0cmlrXC93cC1jb250ZW50XC91cGxvYWRzXC8yMDI0XC8wMVwvQXVmYmF1X1NpY2hlcnVuZ2VuX0VsZWt0cmlrLmpwZyIsInNsaWRlc2hvdyI6IjA0MTk0Y2MifQ%3D%3D\">\n\t\t\t\t\t<div class=\"e-gallery-image elementor-gallery-item__image\" data-thumbnail=\"https:\/\/e-mn.at\/elektrik\/wp-content\/uploads\/2024\/01\/Aufbau_Sicherungen_Elektrik-768x1024.jpg\" data-width=\"768\" data-height=\"1024\" aria-label=\"Elektrische Sicherungen werden installiert.\" role=\"img\" ><\/div>\n\t\t\t\t\t\t\t\t\t\t\t<div class=\"elementor-gallery-item__overlay\"><\/div>\n\t\t\t\t\t\t\t\t\t\t\t\t\t\t<\/a>\n\t\t\t\t\t\t\t<a class=\"e-gallery-item elementor-gallery-item elementor-animated-content\" href=\"https:\/\/e-mn.at\/elektrik\/wp-content\/uploads\/2024\/01\/Sicherrungen_Eletkronik_Wien.jpg\" data-elementor-open-lightbox=\"yes\" data-elementor-lightbox-slideshow=\"04194cc\" data-elementor-lightbox-title=\"Sicherrungen_Eletkronik_Wien\" data-e-action-hash=\"#elementor-action%3Aaction%3Dlightbox%26settings%3DeyJpZCI6MzIzNSwidXJsIjoiaHR0cHM6XC9cL2UtbW4uYXRcL2VsZWt0cmlrXC93cC1jb250ZW50XC91cGxvYWRzXC8yMDI0XC8wMVwvU2ljaGVycnVuZ2VuX0VsZXRrcm9uaWtfV2llbi5qcGciLCJzbGlkZXNob3ciOiIwNDE5NGNjIn0%3D\">\n\t\t\t\t\t<div class=\"e-gallery-image elementor-gallery-item__image\" data-thumbnail=\"https:\/\/e-mn.at\/elektrik\/wp-content\/uploads\/2024\/01\/Sicherrungen_Eletkronik_Wien-768x1024.jpg\" data-width=\"768\" data-height=\"1024\" aria-label=\"Der Strom Verteilerkasten nimmt Gesalt an.\" role=\"img\" ><\/div>\n\t\t\t\t\t\t\t\t\t\t\t<div class=\"elementor-gallery-item__overlay\"><\/div>\n\t\t\t\t\t\t\t\t\t\t\t\t\t\t<\/a>\n\t\t\t\t\t\t\t<a class=\"e-gallery-item elementor-gallery-item elementor-animated-content\" href=\"https:\/\/e-mn.at\/elektrik\/wp-content\/uploads\/2024\/01\/Elektrische_Anlagen_Wien.jpg\" data-elementor-open-lightbox=\"yes\" data-elementor-lightbox-slideshow=\"04194cc\" data-elementor-lightbox-title=\"Elektrische_Anlagen_Wien\" data-e-action-hash=\"#elementor-action%3Aaction%3Dlightbox%26settings%3DeyJpZCI6MzIzMiwidXJsIjoiaHR0cHM6XC9cL2UtbW4uYXRcL2VsZWt0cmlrXC93cC1jb250ZW50XC91cGxvYWRzXC8yMDI0XC8wMVwvRWxla3RyaXNjaGVfQW5sYWdlbl9XaWVuLmpwZyIsInNsaWRlc2hvdyI6IjA0MTk0Y2MifQ%3D%3D\">\n\t\t\t\t\t<div class=\"e-gallery-image elementor-gallery-item__image\" data-thumbnail=\"https:\/\/e-mn.at\/elektrik\/wp-content\/uploads\/2024\/01\/Elektrische_Anlagen_Wien-768x1024.jpg\" data-width=\"768\" data-height=\"1024\" aria-label=\"Ein Sicherungskasten in Wien, professionell installiert, nimmt Gestalt an.\" role=\"img\" ><\/div>\n\t\t\t\t\t\t\t\t\t\t\t<div class=\"elementor-gallery-item__overlay\"><\/div>\n\t\t\t\t\t\t\t\t\t\t\t\t\t\t<\/a>\n\t\t\t\t\t\t\t<a class=\"e-gallery-item elementor-gallery-item elementor-animated-content\" href=\"https:\/\/e-mn.at\/elektrik\/wp-content\/uploads\/2024\/01\/Sicherungen_Elektrotechnik_Wien.jpg\" data-elementor-open-lightbox=\"yes\" data-elementor-lightbox-slideshow=\"04194cc\" data-elementor-lightbox-title=\"Sicherungen_Elektrotechnik_Wien\" data-e-action-hash=\"#elementor-action%3Aaction%3Dlightbox%26settings%3DeyJpZCI6MzIzNiwidXJsIjoiaHR0cHM6XC9cL2UtbW4uYXRcL2VsZWt0cmlrXC93cC1jb250ZW50XC91cGxvYWRzXC8yMDI0XC8wMVwvU2ljaGVydW5nZW5fRWxla3Ryb3RlY2huaWtfV2llbi5qcGciLCJzbGlkZXNob3ciOiIwNDE5NGNjIn0%3D\">\n\t\t\t\t\t<div class=\"e-gallery-image elementor-gallery-item__image\" data-thumbnail=\"https:\/\/e-mn.at\/elektrik\/wp-content\/uploads\/2024\/01\/Sicherungen_Elektrotechnik_Wien-768x576.jpg\" data-width=\"768\" data-height=\"576\" aria-label=\"Dokumentation und transparente Beschriftung vom Sicherungskasten in einem Restaurant in Wien.\" role=\"img\" ><\/div>\n\t\t\t\t\t\t\t\t\t\t\t<div class=\"elementor-gallery-item__overlay\"><\/div>\n\t\t\t\t\t\t\t\t\t\t\t\t\t\t<\/a>\n\t\t\t\t\t\t\t<a class=\"e-gallery-item elementor-gallery-item elementor-animated-content\" href=\"https:\/\/e-mn.at\/elektrik\/wp-content\/uploads\/2024\/01\/Smart_Home_Wien.jpg\" data-elementor-open-lightbox=\"yes\" data-elementor-lightbox-slideshow=\"04194cc\" data-elementor-lightbox-title=\"Smart_Home_Wien\" data-e-action-hash=\"#elementor-action%3Aaction%3Dlightbox%26settings%3DeyJpZCI6MzIzOCwidXJsIjoiaHR0cHM6XC9cL2UtbW4uYXRcL2VsZWt0cmlrXC93cC1jb250ZW50XC91cGxvYWRzXC8yMDI0XC8wMVwvU21hcnRfSG9tZV9XaWVuLmpwZyIsInNsaWRlc2hvdyI6IjA0MTk0Y2MifQ%3D%3D\">\n\t\t\t\t\t<div class=\"e-gallery-image elementor-gallery-item__image\" data-thumbnail=\"https:\/\/e-mn.at\/elektrik\/wp-content\/uploads\/2024\/01\/Smart_Home_Wien-768x576.jpg\" data-width=\"768\" data-height=\"576\" aria-label=\"Kontrollelemente f\u00fcr die BUS Steuerung eines Restaurants in Wien\" role=\"img\" ><\/div>\n\t\t\t\t\t\t\t\t\t\t\t<div class=\"elementor-gallery-item__overlay\"><\/div>\n\t\t\t\t\t\t\t\t\t\t\t\t\t\t<\/a>\n\t\t\t\t\t\t\t<a class=\"e-gallery-item elementor-gallery-item elementor-animated-content\" href=\"https:\/\/e-mn.at\/elektrik\/wp-content\/uploads\/2024\/01\/Sicherungskasten_akutell_Elekrotechnik_Martin_Nill.jpg\" data-elementor-open-lightbox=\"yes\" data-elementor-lightbox-slideshow=\"04194cc\" data-elementor-lightbox-title=\"Sicherungskasten_akutell_Elekrotechnik_Martin_Nill\" data-e-action-hash=\"#elementor-action%3Aaction%3Dlightbox%26settings%3DeyJpZCI6MzIzNywidXJsIjoiaHR0cHM6XC9cL2UtbW4uYXRcL2VsZWt0cmlrXC93cC1jb250ZW50XC91cGxvYWRzXC8yMDI0XC8wMVwvU2ljaGVydW5nc2thc3Rlbl9ha3V0ZWxsX0VsZWtyb3RlY2huaWtfTWFydGluX05pbGwuanBnIiwic2xpZGVzaG93IjoiMDQxOTRjYyJ9\">\n\t\t\t\t\t<div class=\"e-gallery-image elementor-gallery-item__image\" data-thumbnail=\"https:\/\/e-mn.at\/elektrik\/wp-content\/uploads\/2024\/01\/Sicherungskasten_akutell_Elekrotechnik_Martin_Nill-768x1024.jpg\" data-width=\"768\" data-height=\"1024\" aria-label=\"Der Sicherungskasten aller elektroinischen Ger\u00e4tein einem Betrieb in Wien.\" role=\"img\" ><\/div>\n\t\t\t\t\t\t\t\t\t\t\t<div class=\"elementor-gallery-item__overlay\"><\/div>\n\t\t\t\t\t\t\t\t\t\t\t\t\t\t<\/a>\n\t\t\t\t\t\t\t<a class=\"e-gallery-item elementor-gallery-item elementor-animated-content\" href=\"https:\/\/e-mn.at\/elektrik\/wp-content\/uploads\/2024\/01\/BUS_Steuerung_Wien.jpg\" data-elementor-open-lightbox=\"yes\" data-elementor-lightbox-slideshow=\"04194cc\" data-elementor-lightbox-title=\"BUS_Steuerung_Wien\" data-e-action-hash=\"#elementor-action%3Aaction%3Dlightbox%26settings%3DeyJpZCI6MzIzMCwidXJsIjoiaHR0cHM6XC9cL2UtbW4uYXRcL2VsZWt0cmlrXC93cC1jb250ZW50XC91cGxvYWRzXC8yMDI0XC8wMVwvQlVTX1N0ZXVlcnVuZ19XaWVuLmpwZyIsInNsaWRlc2hvdyI6IjA0MTk0Y2MifQ%3D%3D\">\n\t\t\t\t\t<div class=\"e-gallery-image elementor-gallery-item__image\" data-thumbnail=\"https:\/\/e-mn.at\/elektrik\/wp-content\/uploads\/2024\/01\/BUS_Steuerung_Wien-768x1024.jpg\" data-width=\"768\" data-height=\"1024\" aria-label=\"Das BUS Steuerelement f\u00fcr die Elektroinstallationen eines Betriebes in Wien.\" role=\"img\" ><\/div>\n\t\t\t\t\t\t\t\t\t\t\t<div class=\"elementor-gallery-item__overlay\"><\/div>\n\t\t\t\t\t\t\t\t\t\t\t\t\t\t<\/a>\n\t\t\t\t\t<\/div>\n\t\t\t\t\t<\/div>\n\t\t\t\t<\/div>\n\t\t\t\t\t<\/div>\n\t\t<\/div>\n\t\t\t\t\t<\/div>\n\t\t<\/div>\n\t\t\t\t\t<\/div>\n\t\t<\/div>\n\t\t\t\t\t<\/div>\n\t\t<\/section>\n\t\t<div class=\"elementor-element elementor-element-4e98fff e-flex e-con-boxed e-con e-parent\" data-id=\"4e98fff\" data-element_type=\"container\">\n\t\t\t\t\t<div class=\"e-con-inner\">\n\t\t\t\t<div class=\"elementor-element elementor-element-b49cefe elementor-widget elementor-widget-bauen-post-grid\" data-id=\"b49cefe\" data-element_type=\"widget\" data-widget_type=\"bauen-post-grid.default\">\n\t\t\t\t<div class=\"elementor-widget-container\">\n\t\t\t\t\t\n\t\t<div class=\"sec-blog bauen-blog bauen-blog-el\">\n\t\t<div class=\"row\">\n            \t\t\t\t\n\t\t\t\t<div class=\"item col-md-3 \">\n\t\t\t\t\t\t\t\t\t\t<div class=\"position-re o-hidden position-re-order-blog-grid\">\n\t\t\t\t\t\t<a href=\"https:\/\/e-mn.at\/elektrik\/austausch-gesamte-verteileranlage-in-einem-restaurant\/\" class=\"cd-pt-ab\"><img decoding=\"async\" src=\"https:\/\/e-mn.at\/elektrik\/wp-content\/uploads\/2024\/01\/Elektroinstallationen_Restaurant_Wien.jpg\" alt=\"Austausch gesamte Verteileranlage in einem Restaurant\"><\/a>\n\t\t\t\t\t<\/div>\t\n\t\t\t\t\t\t\n\t\t\t\t\t<div class=\"con\">\n\t\t\t\t\t\t<span class=\"category\"><a href=\"https:\/\/e-mn.at\/elektrik\/category\/beratung-planung\/\" rel=\"category tag\">Beratung &amp; Planung<\/a>, <a href=\"https:\/\/e-mn.at\/elektrik\/category\/elektrobefunde\/\" rel=\"category tag\">Elektrobefunde<\/a>, <a href=\"https:\/\/e-mn.at\/elektrik\/category\/elektroinstallationen\/\" rel=\"category tag\">Elektroinstallationen<\/a>, <a href=\"https:\/\/e-mn.at\/elektrik\/category\/knx-alagen\/\" rel=\"category tag\">KNX-Anlagen<\/a> - 17. J\u00e4nner 2024<\/span>\n\t\t\t\t\t\t<h5><a href=\"https:\/\/e-mn.at\/elektrik\/austausch-gesamte-verteileranlage-in-einem-restaurant\/\">Austausch gesamte Verteileranlage in einem Restaurant<\/a><\/h5>\n\t\t\t\t\t<\/div>\t\t\t\n\t\t\t\t<\/div>\t\t\t\n\t\t\t\t\t\t\t\n\t\t\t\t<div class=\"item col-md-3 \">\n\t\t\t\t\t\t\t\t\t\t<div class=\"position-re o-hidden position-re-order-blog-grid\">\n\t\t\t\t\t\t<a href=\"https:\/\/e-mn.at\/elektrik\/elektroinstallation-fuer-hackschnitzelheizung-in-bestandsgebaeude\/\" class=\"cd-pt-ab\"><img decoding=\"async\" src=\"https:\/\/e-mn.at\/elektrik\/wp-content\/uploads\/2023\/11\/Heizhaus_Elektrikerarbeiten_Lassee.jpg\" alt=\"Elektroinstallation f\u00fcr Hackschnitzelheizung in Bestandsgeb\u00e4ude\"><\/a>\n\t\t\t\t\t<\/div>\t\n\t\t\t\t\t\t\n\t\t\t\t\t<div class=\"con\">\n\t\t\t\t\t\t<span class=\"category\"><a href=\"https:\/\/e-mn.at\/elektrik\/category\/beratung-planung\/\" rel=\"category tag\">Beratung &amp; Planung<\/a>, <a href=\"https:\/\/e-mn.at\/elektrik\/category\/elektrobefunde\/\" rel=\"category tag\">Elektrobefunde<\/a>, <a href=\"https:\/\/e-mn.at\/elektrik\/category\/elektroinstallationen\/\" rel=\"category tag\">Elektroinstallationen<\/a> - 24. November 2023<\/span>\n\t\t\t\t\t\t<h5><a href=\"https:\/\/e-mn.at\/elektrik\/elektroinstallation-fuer-hackschnitzelheizung-in-bestandsgebaeude\/\">Elektroinstallation f\u00fcr Hackschnitzelheizung in Bestandsgeb\u00e4ude<\/a><\/h5>\n\t\t\t\t\t<\/div>\t\t\t\n\t\t\t\t<\/div>\t\t\t\n\t\t\t\t\t\t\t\n\t\t\t\t<div class=\"item col-md-3 \">\n\t\t\t\t\t\t\t\t\t\t<div class=\"position-re o-hidden position-re-order-blog-grid\">\n\t\t\t\t\t\t<a href=\"https:\/\/e-mn.at\/elektrik\/austausch-verteileranlage-einfamilienhaus\/\" class=\"cd-pt-ab\"><img decoding=\"async\" src=\"https:\/\/e-mn.at\/elektrik\/wp-content\/uploads\/2023\/11\/Strom_Verteiler_Einfamilienhaus_Wien_vorher-01.jpg\" alt=\"Austausch Verteileranlage Einfamilienhaus\"><\/a>\n\t\t\t\t\t<\/div>\t\n\t\t\t\t\t\t\n\t\t\t\t\t<div class=\"con\">\n\t\t\t\t\t\t<span class=\"category\"><a href=\"https:\/\/e-mn.at\/elektrik\/category\/beratung-planung\/\" rel=\"category tag\">Beratung &amp; Planung<\/a>, <a href=\"https:\/\/e-mn.at\/elektrik\/category\/elektrobefunde\/\" rel=\"category tag\">Elektrobefunde<\/a>, <a href=\"https:\/\/e-mn.at\/elektrik\/category\/elektroinstallationen\/\" rel=\"category tag\">Elektroinstallationen<\/a> - 4. November 2023<\/span>\n\t\t\t\t\t\t<h5><a href=\"https:\/\/e-mn.at\/elektrik\/austausch-verteileranlage-einfamilienhaus\/\">Austausch Verteileranlage Einfamilienhaus<\/a><\/h5>\n\t\t\t\t\t<\/div>\t\t\t\n\t\t\t\t<\/div>\t\t\t\n\t\t\t\t\t\t\t\n\t\t\t\t<div class=\"item col-md-3 \">\n\t\t\t\t\t\t\t\t\t\t<div class=\"position-re o-hidden position-re-order-blog-grid\">\n\t\t\t\t\t\t<a href=\"https:\/\/e-mn.at\/elektrik\/generalsanierung-haussprechanlage-1190-wien\/\" class=\"cd-pt-ab\"><img decoding=\"async\" src=\"https:\/\/e-mn.at\/elektrik\/wp-content\/uploads\/2023\/10\/Gegensprechanlage_1190_Wien_Header.jpg\" alt=\"Generalsanierung Haussprechanlage 1190 Wien\"><\/a>\n\t\t\t\t\t<\/div>\t\n\t\t\t\t\t\t\n\t\t\t\t\t<div class=\"con\">\n\t\t\t\t\t\t<span class=\"category\"><a href=\"https:\/\/e-mn.at\/elektrik\/category\/beratung-planung\/\" rel=\"category tag\">Beratung &amp; Planung<\/a>, <a href=\"https:\/\/e-mn.at\/elektrik\/category\/sprechanlagen\/\" rel=\"category tag\">Sprechanlagen<\/a> - 14. Oktober 2023<\/span>\n\t\t\t\t\t\t<h5><a href=\"https:\/\/e-mn.at\/elektrik\/generalsanierung-haussprechanlage-1190-wien\/\">Generalsanierung Haussprechanlage 1190 Wien<\/a><\/h5>\n\t\t\t\t\t<\/div>\t\t\t\n\t\t\t\t<\/div>\t\t\t\n\t\t\t\t\t\t\n\t\t<\/div>\n\t\t<\/div>\n\t\t\n        \t\t\t\t<\/div>\n\t\t\t\t<\/div>\n\t\t\t\t\t<\/div>\n\t\t\t\t<\/div>\n\t\t\t\t<\/div>\n\t\t","protected":false},"excerpt":{"rendered":"<p>Austausch gesamte Verteiler Anlage in einem Restaurant 1070 Wien J\u00e4n. 2024 Provisorischer Notbetrieb K\u00fchlungen 3 Tage Bauzeit Stromkreiszuordnungen Umbau auf KNX-System Miniserver KNX Bedienung \u00fcber Handy-App Dimmfunktion f\u00fcr Beleuchtungen Anlagen\u00fcberpr\u00fcfung Prov. Notbetrieb K\u00fchlungen: Um w\u00e4hrend der 3-t\u00e4gigen Bauzeit den Betrieb der essenziellen K\u00fchlungen sicherzustellen, implementierten wir einen provisorischen Notbetrieb. Dies gew\u00e4hrleistete, dass alle verderblichen Waren unter optimalen Bedingungen gelagert wurden&#8230;<\/p>\n","protected":false},"author":1,"featured_media":3227,"comment_status":"closed","ping_status":"open","sticky":false,"template":"","format":"standard","meta":{"om_disable_all_campaigns":false,"_monsterinsights_skip_tracking":false,"_monsterinsights_sitenote_active":false,"_monsterinsights_sitenote_note":"","_monsterinsights_sitenote_category":0,"footnotes":"","_links_to":"","_links_to_target":""},"categories":[2,4,22,19],"tags":[],"class_list":["post-3225","post","type-post","status-publish","format-standard","has-post-thumbnail","hentry","category-beratung-planung","category-elektrobefunde","category-elektroinstallationen","category-knx-alagen"],"aioseo_notices":[],"_links":{"self":[{"href":"https:\/\/e-mn.at\/elektrik\/wp-json\/wp\/v2\/posts\/3225","targetHints":{"allow":["GET"]}}],"collection":[{"href":"https:\/\/e-mn.at\/elektrik\/wp-json\/wp\/v2\/posts"}],"about":[{"href":"https:\/\/e-mn.at\/elektrik\/wp-json\/wp\/v2\/types\/post"}],"author":[{"embeddable":true,"href":"https:\/\/e-mn.at\/elektrik\/wp-json\/wp\/v2\/users\/1"}],"replies":[{"embeddable":true,"href":"https:\/\/e-mn.at\/elektrik\/wp-json\/wp\/v2\/comments?post=3225"}],"version-history":[{"count":14,"href":"https:\/\/e-mn.at\/elektrik\/wp-json\/wp\/v2\/posts\/3225\/revisions"}],"predecessor-version":[{"id":4748,"href":"https:\/\/e-mn.at\/elektrik\/wp-json\/wp\/v2\/posts\/3225\/revisions\/4748"}],"wp:featuredmedia":[{"embeddable":true,"href":"https:\/\/e-mn.at\/elektrik\/wp-json\/wp\/v2\/media\/3227"}],"wp:attachment":[{"href":"https:\/\/e-mn.at\/elektrik\/wp-json\/wp\/v2\/media?parent=3225"}],"wp:term":[{"taxonomy":"category","embeddable":true,"href":"https:\/\/e-mn.at\/elektrik\/wp-json\/wp\/v2\/categories?post=3225"},{"taxonomy":"post_tag","embeddable":true,"href":"https:\/\/e-mn.at\/elektrik\/wp-json\/wp\/v2\/tags?post=3225"}],"curies":[{"name":"wp","href":"https:\/\/api.w.org\/{rel}","templated":true}]}}